{"id":17965,"date":"2025-08-31T07:28:10","date_gmt":"2025-08-31T07:28:10","guid":{"rendered":"https:\/\/www.europesays.com\/se\/17965\/"},"modified":"2025-08-31T07:28:10","modified_gmt":"2025-08-31T07:28:10","slug":"tragedin-pa-mats-wilanders-60-arsdag-det-ar-tungt-tennis","status":"publish","type":"post","link":"https:\/\/www.europesays.com\/se\/17965\/","title":{"rendered":"Tragedin p\u00e5 Mats Wilanders 60-\u00e5rsdag: \u201dDet \u00e4r tungt\u201d | Tennis"},"content":{"rendered":"<p><img   alt=\"\"\/><\/p>\n<p>Mats Wilander.<\/p>\n<p>Foto: MATTHIAS HAUER \/ BILDBYR\u00c5N<\/p>\n<p>\u00d6ppna bild i helsk\u00e4rm<\/p>\n<p>US Open \u00e4r n\u00e5got av en sommarens avslutningsfest i New York. Snart \u00e4r man tillbaka i h\u00f6st och vardag, men nu \u00e4r det tv\u00e5 veckor i Flushing Meadows i Queens med honey deuce-drinkar, <a href=\"https:\/\/www.expressen.se\/sport\/tennis\/daniil-medvedev-far-betala-400-000-kronor-efter-raseriutbrottet\/\" rel=\"nofollow noopener\" target=\"_blank\">k\u00e4nsloutbrott<\/a> p\u00e5 plan och k\u00e4ndisspaning vid sidan av.\u00a0<\/p>\n<p><a href=\"https:\/\/www.expressen.se\/tagg\/person\/mats-wilander\/\" rel=\"nofollow noopener\" target=\"_blank\">Mats Wilander<\/a> har ett brejk efter tv-s\u00e4ndningen, d\u00e4r han analyserat Iga Swiateks senaste match, och sl\u00e5r sig ner i en pl\u00e5tstol utanf\u00f6r Arthur Ashe-stadion.\u00a0<\/p>\n<p>Den sista av Wilanders sju grand slam-titlar tog han h\u00e4r p\u00e5 US Open, i en klassisk <a href=\"https:\/\/www.expressen.se\/sport\/tennis\/mats-wilander-avslojar-bjorn-borgs-ilska-skallde-ut-honom\/\" rel=\"nofollow noopener\" target=\"_blank\">femtimmarsmangling<\/a> mot Ivan Lendl 1988 som etsat sig fast hos m\u00e4ngder av tennisfans. Men hos huvudpersonen sj\u00e4lv b\u00f6rjar minnesbilderna falna, s\u00e4ger han.\u00a0<\/p>\n<p>\u2013 N\u00e4r jag \u00e4r h\u00e4r p\u00e5 <a href=\"https:\/\/www.expressen.se\/tagg\/organization\/us-open\/\" rel=\"nofollow noopener\" target=\"_blank\">US Open <\/a>s\u00e5 \u00e4r det kanske varannan dag n\u00e5gon kommer fram och har sett matchen eller n\u00e5got s\u00e5nt. Men nej, det \u00e4r v\u00e4l inget\u2026 Det \u00e4r s\u00e5 l\u00e4nge sedan, jag kommer inte ih\u00e5g speciellt mycket av situationen. Jag kommer ih\u00e5g hur inst\u00e4llningen var innan matchen och s\u00e5 vidare. Men det \u00e4r lite f\u00f6r l\u00e4nge sedan.\u00a0<\/p>\n<p><strong>\u00c4nd\u00e5 ett fint minne n\u00e4r det v\u00e4l kommer upp?<\/strong><\/p>\n<p>\u2013 Ja, ja, nej, nej, det \u00e4r skitskoj. I och med att vi spelade f\u00f6r v\u00e4rldsranking nummer ett samtidigt s\u00e5 var det ju en, vad ska man s\u00e4ga, en match som var v\u00e4rd mer \u00e4n bara vinna <a href=\"https:\/\/www.expressen.se\/tagg\/organization\/us-open\/\" class=\"\" rel=\"nofollow noopener\" target=\"_blank\">US Open<\/a>.<\/p>\n<p>Han kommer inte heller ih\u00e5g exakt hur m\u00e5nga \u00e5r han gjort Eurosport-s\u00e4ndningarna h\u00e4rifr\u00e5n (\u201d22, 23, 25?\u201d) men har fortfarande lika kul. Fr\u00e5n att ha kommenterat m\u00e5nga matcher i b\u00f6rjan har han nu bara fokus p\u00e5 analyser mellan och efter matcherna \u2013 och p\u00e5 intervjuer.\u00a0<\/p>\n<p>\u2013 Det \u00e4r skitskoj. Jag har m\u00e4rkt att jag \u00e4r v\u00e4l den enda f\u00f6re detta spelaren som g\u00f6r intervjuer. Jag m\u00e4rker p\u00e5 spelarna att de tycker det \u00e4r annorlunda att snacka med mig j\u00e4mf\u00f6rt med att snacka med en tennisjournalist. De \u00f6ppnar nog upp sig lite mer n\u00e4r jag st\u00e4ller fr\u00e5gan, tror jag. Och det \u00e4r man ju tacksam f\u00f6r, givetvis.\u00a0<\/p>\n<p><img loading=\"lazy\"   alt=\"\"\/> <\/p>\n<p>Foto: Johan Eriksson<\/p>\n<p>\u00d6ppna bild i helsk\u00e4rm<\/p>\n<p><strong>\u00c4r det mer initierat, eller vad tror du det \u00e4r som g\u00f6r att det funkar s\u00e5 bra?\u00a0<\/strong><\/p>\n<p>\u2013 Nej, det vet jag inte. Jag tror att spelarna \u00e4r ute efter r\u00e5d. Eller \u2013 man letar inte efter r\u00e5d, men du \u00e4r alltid \u00f6ppen till r\u00e5d. Och det tror jag \u00e4r en viktig del av v\u00e5rt spel, att vi \u00e4ldre \u00e4r involverade p\u00e5 s\u00e5 m\u00e5nga s\u00e4tt som m\u00f6jligt.<\/p>\n<p>Tennisen \u00f6ver generationsgr\u00e4nserna, tennisen som brygga, tennisen som karakt\u00e4rsdanare. Medan Bj\u00f6rn Borg n\u00f6jer sig med att dyka upp vid vissa utvalda tillf\u00e4llen och Stefan Edberg mest h\u00e5ller sig p\u00e5 sin kant \u00e4r predikar Mats Wilander of\u00f6rtrutet tennisens evangelium.<\/p>\n<p>Wilander p\u00e5 US Open: \u201dHar sett alla po\u00e4ng\u201d<\/p>\n<p>N\u00e4r han \u00e4r h\u00e4r i New York rymmer schemat inget annat. Han tr\u00e4ffar andra gamla storspelare som John McEnroe och Jim Courier, men det vilda nattliv som d\u00e5tidens stj\u00e4rnor blev omskriva f\u00f6r \u00e4r inget som hinns med.<\/p>\n<p>Annons<\/p>\n<p>\u2013 Mitt program \u00e4r att jag kommer hit p\u00e5 morgonen vid halv tio. Och sen s\u00e5 k\u00f6r vi s\u00e5dana h\u00e4r tv-shower hela dagen tills passet innan kv\u00e4llsmatchen. Och sen s\u00e5 tar jag mig hem och s\u00e4tter mig och kollar p\u00e5 tv hemma. S\u00e5 jag kollar. Jag har sett alla po\u00e4ng, s\u00e4ger han.<\/p>\n<p>N\u00e4stan, i alla fall.\u00a0<\/p>\n<p>\u2013 Det \u00e4r j\u00e4vligt jobbigt att intervjua n\u00e5gon om du inte har kollat p\u00e5 matchen. Jag ska g\u00f6ra en intervju med Rubljov h\u00e4r snart. Den \u00e4r lite halvjobbig, f\u00f6r jag s\u00e5g bara lite po\u00e4ng h\u00e4r och d\u00e4r. Men man vet ju hur han spelar ungef\u00e4r. Men annars tycker jag det \u00e4r roligt att man sett matcherna. D\u00e5 blir det en helt annan respekt har jag insett.\u00a0<\/p>\n<p>Tennisen \u00e4r st\u00e4ndigt n\u00e4rvarande hemma i Idaho ocks\u00e5.<\/p>\n<p>Mats Wilander driver fortfarande Gravity Tennis &amp; Fitness d\u00e4r han \u00e4r tennistr\u00e4nare.<\/p>\n<p>\u2013 Jag k\u00f6r v\u00e4l en lektion om dagen typ. Och det \u00e4r allt jag g\u00f6r. Det tar ju en tre\u2013fyra timmar med att g\u00f6ra sig i ordning. S\u00e5 det tycker jag \u00e4r helt perfekt.\u00a0<\/p>\n<p><img loading=\"lazy\"   alt=\"\"\/><\/p>\n<p>Mats Wilander utanf\u00f6r Gravity i Hailey, d\u00e4r Expressen bes\u00f6kte honom 2019.<\/p>\n<p>Foto: JOHAN ERIKSSON<\/p>\n<p>\u00d6ppna bild i helsk\u00e4rmWilanders liv som 60-plus: \u201dSv\u00e5rt att tro det\u201d<\/p>\n<p>Det \u00e4r inte bara f\u00f6r tr\u00e4narrollen han g\u00f6r det, det \u00e4r ett s\u00e4tt att h\u00e5lla i g\u00e5ng sj\u00e4lv ocks\u00e5.\u00a0<\/p>\n<p>\u2013 Jag tycker det \u00e4r s\u00e5 j\u00e4vla jobbigt att g\u00e5 p\u00e5 gym och ut och springa. Det \u00e4r s\u00e5 mycket enklare att idrotta n\u00e4r du \u00e4r ute p\u00e5 en bana.\u00a0<\/p>\n<p>S\u00e5 det m\u00e4rks inte direkt p\u00e5 honom, men tittar man i passet \u00e4r det \u00e4nd\u00e5 ett faktum:\u00a0<\/p>\n<p>Wilander \u00e4r 60-plus. (Han blev 61 tidigare i augusti.)<\/p>\n<p>\u2013 Jag har v\u00e4l insett att man blir \u00e4ldre. Fast man har sv\u00e5rt att tro det sj\u00e4lv, faktiskt. Det \u00e4r lite sv\u00e5rt att f\u00f6rst\u00e5 att det har g\u00e5tt s\u00e5 j\u00e4vla fort. Att det har g\u00e5tt 40 \u00e5r sedan man vann en t\u00e4vling sist. Eller inte riktigt, men n\u00e4stan. Och att en hel generation med Federer, Nadal och Djokovic har kommit och g\u00e5tt under tiden som man har jobbat. Man inser inte hur fort det g\u00e5r.<\/p>\n<p>\u2013 F\u00f6r n\u00e4r man \u00e4r uppe och spelar som proffs s\u00e5 g\u00e5r tiden inte fort. Det kan jag tala om f\u00f6r dig. D\u00e5 kryper tiden fram. Nu g\u00e5r det alldeles f\u00f6r fort. Man hinner inte med. T\u00e4vlingen \u00e4r slut innan man kommer hit n\u00e4stan.\u00a0<\/p>\n<p>Det kan vara sv\u00e5rt att fylla dagarna med grejer som k\u00e4nns lika viktiga som det var under proffs\u00e5ren.\u00a0<\/p>\n<p>\u2013 Man saknar ju h\u00e4r att sitta i omkl\u00e4dningsrummet innan tr\u00e4ning p\u00e5 bana 2. Och s\u00e5 g\u00e5r du ut med en kompis och s\u00e5 ska du ut och spela 1,5 timme. Sen spela lite singel i US Open. Det \u00e4r ju det man lever f\u00f6r. Det \u00e4r j\u00e4vligt sv\u00e5rt att ers\u00e4tta, de k\u00e4nslorna som man har under en grand slam-turnering.\u00a0<\/p>\n<p>Annons<\/p>\n<p><strong>S\u00e5 i vardagen nu \u2013 vad \u00e4r det som ger dig mening?\u00a0<\/strong><\/p>\n<p>\u2013 Jag \u00e4r mest ute och \u00e5ker skidor faktiskt. Frisk luft och h\u00e4lsa \u00e4r v\u00e4l det som ger mening f\u00f6r mig. Jag f\u00f6rs\u00f6ker h\u00e5lla mig i tillr\u00e4ckligt bra skick f\u00f6r att n\u00e5gon skulle kunna ringa mig i kv\u00e4ll fr\u00e5n n\u00e5gonstans i v\u00e4rlden och s\u00e4ga \u201dVi beh\u00f6ver dig i en uppvisningsmatch p\u00e5 fredag. \u00c4r du klar?\u201d och man kan svara \u201dJa, jag kan komma direkt.\u201d<\/p>\n<p>En s\u00e5n uppvisningsmatch med femtonhundra personer p\u00e5 l\u00e4ktaren, det \u00e4r s\u00e5nt som f\u00e5r pirret att komma, \u00e4ven f\u00f6r en 61-\u00e5ring.<\/p>\n<p>\u2013 Man blir lite halvnerv\u00f6s och k\u00e4nner \u201ddet h\u00e4r \u00e4r ju j\u00e4vla viktigt allts\u00e5\u201d. Och det \u00e4r fantastiskt roligt att k\u00e4nna. Att det fortfarande blir nerv\u00f6st innan man ska spela en&#8230; fullst\u00e4ndigt obetydlig match. Ja, det \u00e4r kul.\u00a0<\/p>\n<p>S\u00e5lde lyxvillan \u2013 det saknar Wilander<\/p>\n<p>Det \u00e4r inte bara att Wilander \u00e4r \u00f6ver 60-\u00e5rstr\u00f6skeln som g\u00f6r att han g\u00e5tt in i en ny fas i livet.\u00a0<\/p>\n<p>F\u00f6r n\u00e5gra \u00e5r sedan <a href=\"https:\/\/www.expressen.se\/sport\/tennis\/saljer-nu-lyxhuset-efter-15-ars-kamp\/\" rel=\"nofollow noopener\" target=\"_blank\">s\u00e5lde Mats och frun Sonya Wilander sitt j\u00e4ttehus<\/a> p\u00e5 runt tusen kvadrat p\u00e5 vidderna i Idaho. Nu \u00e4r de fyra barnen helt utflugna och i st\u00e4llet har paret Wilander skaffat ett mindre hus inne i \u201dstan\u201d i Hailey. Fem minuter till tennishallen, fem minuter till jobbet f\u00f6r Sonya.<\/p>\n<p>\u2013 Nu ska det vara viktigt att bo centralt. S\u00e4ger de. Och det tycker v\u00e4l inte jag \u00e4r s\u00e5 speciellt viktigt. Jag hade hellre bott kvar ute p\u00e5 vischan. Men det var lite f\u00f6r stort hus f\u00f6r tv\u00e5 personer. Det h\u00e4r g\u00f6r ju saker och ting mycket enklare givetvis.<\/p>\n<p>Men \u00e4ven om det \u00e4r enklare kommer det h\u00e4r bytet med vissa baksidor.\u00a0<\/p>\n<p>\u2013 Jag har gl\u00f6mt hur tyst&#8230; Hur man h\u00f6r tystnad har jag gl\u00f6mt bort. Och det \u00e4r j\u00e4vlar inte l\u00e4tt att hitta h\u00e4r p\u00e5 jorden. Det hade vi d\u00e4r vi bodde innan, och det har vi inte nu. Och det \u00e4r lite halvtungt f\u00f6r mig.\u00a0<\/p>\n<p><img loading=\"lazy\"   alt=\"\"\/><\/p>\n<p>J\u00e4ttehuset i Idaho som Wilander har s\u00e5lt.<\/p>\n<p>\u00d6ppna bild i helsk\u00e4rm<img loading=\"lazy\"   alt=\"\"\/><\/p>\n<p>J\u00e4tteegendomen i vinterskrud. Nu bor de \u201di stan\u201d i Hailey.<\/p>\n<p>\u00d6ppna bild i helsk\u00e4rmWilander lyssnar p\u00e5 Wiehe \u2013 i Walkman<\/p>\n<p>I och med att husbytet f\u00f6rsvann musikintresserade Wilanders hemmastudio ocks\u00e5, d\u00e4r han kunde g\u00e5 ner och spela gitarr. Lyssnar p\u00e5 l\u00e5tar g\u00f6r han \u00e4nd\u00e5. Mest \u00e4r det gamla favoriter som \u00e5terkommer.\u00a0<\/p>\n<p>\u2013 Det \u00e4r Dylan och Lundell som g\u00e4ller fortfarande. Och Mikael Wiehe har jag lyssnat p\u00e5 ett tag nu, faktiskt. Det blir n\u00e5gon ny musik n\u00e5gon g\u00e5ng h\u00e4r och d\u00e4r, men jag lyssnar inte p\u00e5 tillr\u00e4ckligt mycket nytt f\u00f6r att jag ska kunna s\u00e4ga att n\u00e5gon \u00e4r bra eller d\u00e5lig. Jag k\u00f6r samma, s\u00e4ger han.<\/p>\n<p>Och han g\u00f6r det g\u00e4rna p\u00e5 \u2013 bandspelare.\u00a0<\/p>\n<p>Annons<\/p>\n<p>\u2013 Jag har tv\u00e5 kassettbandspelare hemma. Och en Walkman. Det \u00e4r j\u00e4vligt roligt att lyssna p\u00e5 ett band som du har spelat in sj\u00e4lv. Och man inser vilka l\u00e5tar man lyssnade n\u00e4r man var 25. Det \u00e4r r\u00e4tt intressant. Var det fart p\u00e5 dem eller var det ballader? Varf\u00f6r var det ballader i maj 1984? Jo, d\u00e4rf\u00f6r att jag inte hade en flickv\u00e4n kanske. Jag vet inte. S\u00e5 det \u00e4r j\u00e4vligt intressant att lyssna p\u00e5 gamla band.\u00a0<\/p>\n<p>Tragedin p\u00e5 Wilanders 60-\u00e5rsdag<\/p>\n<p>P\u00e5 Wilanders 60-\u00e5rsdag intr\u00e4ffade dessutom ett m\u00f6rkt sammantr\u00e4ffade.\u00a0<\/p>\n<p>Peter Lundgren, n\u00e5gra sn\u00e4pp under Wilander och Edberg i den svenska tennisboomen, gick bort, bara 59 \u00e5r gammal.<\/p>\n<p>Lundgren hade tagit tre ATP-segrar och efter sin spelarkarri\u00e4r var han framg\u00e5ngsrik tr\u00e4nare \u00e5t bland andra Roger Federer. Under m\u00e5nga \u00e5r bodde han, precis som Wilander, i USA. Men Lundgren flyttade hem till mamma i Sundsvall de sista \u00e5ren.\u00a0<\/p>\n<p><img loading=\"lazy\"   alt=\"\"\/><\/p>\n<p>Peter Lundgren under \u00e5ren som framg\u00e5ngsrik tr\u00e4nare.<\/p>\n<p>Foto: ARNE FORSELL \/ BILDBYR\u00c5N<\/p>\n<p>\u00d6ppna bild i helsk\u00e4rm<\/p>\n<p>Wilander hade inte tr\u00e4ffat Peter Lundgren p\u00e5 r\u00e4tt l\u00e4nge, men ber\u00f6rdes s\u00e5 klart av det tragiska beskedet.\u00a0<\/p>\n<p>\u2013 Det \u00e4r tungt givetvis. Men det \u00e4r det man inser \u2013 att man \u00e4r statistik. Att det kan h\u00e4nda. Det kommer att h\u00e4nda. Inte kan h\u00e4nda. Det kommer att h\u00e4nda s\u00e5dana som st\u00e5r dig n\u00e4ra. Det \u00e4r v\u00e4l s\u00e5dant som man b\u00f6rjar inse n\u00e4r man fyllt 60. Det \u00e4r ocks\u00e5 en del av livet som \u00e4r v\u00e4ldigt sv\u00e5rt att f\u00f6rbereda sig f\u00f6r.<\/p>\n<p>Lundgren hade drabbats av diabetes och n\u00e5got \u00e5r tidigare tvingats amputera ena foten. \u00c4ven om han hade sina problem var han bara n\u00e5gra m\u00e5nader yngre \u00e4n Wilander.\u00a0<\/p>\n<p>\u2013 Han var inte gammal. Det \u00e4r tr\u00e5kigt. Men s\u00e5nt \u00e4r livet.\u00a0<\/p>\n<p>SJUFALDIG GRAND SLAM-VINNARE<\/p>\n<p><strong>Mats Wilander<\/strong><\/p>\n<p><strong>\u00c5lder:<\/strong> 61.<\/p>\n<p><strong>Fr\u00e5n:<\/strong> Torpsbruk i Sm\u00e5land.<\/p>\n<p><strong>Bor:<\/strong> P\u00e5 landsbygden i Idaho i nordv\u00e4stra USA.<\/p>\n<p><strong>Familj:<\/strong> Frun Sonya, barnen Karl, Oskar, Emma och Erik.\u00a0<\/p>\n<p><strong>Karri\u00e4r:<\/strong> Efter Bj\u00f6rn Borg \u00e4r Mats Wilander och Stefan Edberg Sveriges mest framg\u00e5ngsrika tennisspelare genom tiderna. Wilander slog igenom n\u00e4r han vann Franska \u00f6ppna som 17-\u00e5ring 1982.<\/p>\n<p>Vann totalt sju grand slam-titlar i singel (plus en i dubbel). V\u00e4rldsetta 1988-89 efter US Open-segern -88.\u00a0<\/p>\n<p>Visa mer<img loading=\"lazy\"   alt=\"\"\/><\/p>\n<p>Expressens Johan Eriksson p\u00e5 plats p\u00e5 US Open.<\/p>\n<p>\u00d6ppna bild i helsk\u00e4rm<\/p>\n","protected":false},"excerpt":{"rendered":"Mats Wilander. Foto: MATTHIAS HAUER \/ BILDBYR\u00c5N \u00d6ppna bild i helsk\u00e4rm US Open \u00e4r n\u00e5got av en sommarens&hellip;\n","protected":false},"author":2,"featured_media":17966,"comment_status":"","ping_status":"","sticky":false,"template":"","format":"standard","meta":{"footnotes":""},"categories":[68],"tags":[1770,2277,34,307,111,110,31,33,32,30],"class_list":{"0":"post-17965","1":"post","2":"type-post","3":"status-publish","4":"format-standard","5":"has-post-thumbnail","7":"category-sport","8":"tag-organization-us-open","9":"tag-person-mats-wilander","10":"tag-se","11":"tag-sections-tennis","12":"tag-sport","13":"tag-sports","14":"tag-svenska","15":"tag-sverige","16":"tag-sweden","17":"tag-swedish"},"share_on_mastodon":{"url":"","error":""},"_links":{"self":[{"href":"https:\/\/www.europesays.com\/se\/wp-json\/wp\/v2\/posts\/17965","targetHints":{"allow":["GET"]}}],"collection":[{"href":"https:\/\/www.europesays.com\/se\/wp-json\/wp\/v2\/posts"}],"about":[{"href":"https:\/\/www.europesays.com\/se\/wp-json\/wp\/v2\/types\/post"}],"author":[{"embeddable":true,"href":"https:\/\/www.europesays.com\/se\/wp-json\/wp\/v2\/users\/2"}],"replies":[{"embeddable":true,"href":"https:\/\/www.europesays.com\/se\/wp-json\/wp\/v2\/comments?post=17965"}],"version-history":[{"count":0,"href":"https:\/\/www.europesays.com\/se\/wp-json\/wp\/v2\/posts\/17965\/revisions"}],"wp:featuredmedia":[{"embeddable":true,"href":"https:\/\/www.europesays.com\/se\/wp-json\/wp\/v2\/media\/17966"}],"wp:attachment":[{"href":"https:\/\/www.europesays.com\/se\/wp-json\/wp\/v2\/media?parent=17965"}],"wp:term":[{"taxonomy":"category","embeddable":true,"href":"https:\/\/www.europesays.com\/se\/wp-json\/wp\/v2\/categories?post=17965"},{"taxonomy":"post_tag","embeddable":true,"href":"https:\/\/www.europesays.com\/se\/wp-json\/wp\/v2\/tags?post=17965"}],"curies":[{"name":"wp","href":"https:\/\/api.w.org\/{rel}","templated":true}]}}