{"id":17974,"date":"2025-08-31T07:53:00","date_gmt":"2025-08-31T07:53:00","guid":{"rendered":"https:\/\/www.europesays.com\/se\/17974\/"},"modified":"2025-08-31T07:53:00","modified_gmt":"2025-08-31T07:53:00","slug":"julia-roberts-nya-metoo-thriller-delar-venedig-48-pa-rotten-tomatoes","status":"publish","type":"post","link":"https:\/\/www.europesays.com\/se\/17974\/","title":{"rendered":"Julia Roberts nya #MeToo-thriller delar Venedig \u2013 48% p\u00e5 Rotten Tomatoes"},"content":{"rendered":"<p>\u201dAfter the Hunt\u201d har haft premi\u00e4r p\u00e5 filmfestivalen i Venedig \u2013 och polariserat kritikerna. <strong>Luca Guadagninos<\/strong> senaste film tacklar k\u00e4nsliga \u00e4mnen och utspelar sig p\u00e5 ett universitet d\u00e4r en elev riktar en allvarlig anklagelse mot en professor.<\/p>\n<p>Nu har de f\u00f6rsta recensionerna trillat in, och det \u00e4r minst sagt blandade \u00e5sikter. P\u00e5 Rotten Tomaotes har thrillern endast <strong>48% positiva recensioner<\/strong>. \u00d6verdrivet provocerande, eller tankev\u00e4ckande? En sak \u00e4r s\u00e4ker och det \u00e4r att filmen har startat en diskussion \u2013 som inte l\u00e4r ta slut p\u00e5 ett tag.<\/p>\n<p>Bara det faktumet g\u00f6r stj\u00e4rnan <strong>Julia Roberts<\/strong> n\u00f6jd. P\u00e5 presskonferensen v\u00e4lkomnar hon debatten.<\/p>\n<p>\u2013 Vi ville att alla skulle komma ut med olika k\u00e4nslor, tankar och perspektiv, s\u00e4ger Roberts (via <a href=\"https:\/\/www.indiewire.com\/news\/festivals\/julia-roberts-after-the-hunt-oscars-1235148132\/\" rel=\"nofollow noopener\" target=\"_blank\">IndieWire<\/a>). Man inser vad man verkligen tror p\u00e5, vad ens \u00f6vertygelser \u00e4r. Vi ville r\u00f6ra om i allt det d\u00e4r f\u00f6r er. S\u00e5 vars\u00e5goda.<\/p>\n<p><img loading=\"lazy\" height=\"348\" width=\"648\" class=\"wp-image-699280 sp-no-webp perfmatters-lazy\" alt=\"\" decoding=\"async\" src=\"https:\/\/www.europesays.com\/se\/wp-content\/uploads\/2025\/08\/after-the-hunt-648x348.jpg\"  data-\/> Roberts med Andrew Garfield i \u201dAfter the Hunt\u201d.<\/p>\n<p>Julia Roberts s\u00e4ger att det inte \u00e4r filmens mening att g\u00f6ra ett st\u00e4llningstagande. Ist\u00e4llet vill hon att den ska v\u00e4cka fr\u00e5gor som f\u00e5r publiken att t\u00e4nka till.<\/p>\n<p>\u2013 Vi delar helt enkelt med oss av dessa livs\u00f6den en stund, och sedan vill vi att alla ska g\u00e5 d\u00e4rifr\u00e5n och prata med varandra, s\u00e4ger hon. Det \u00e4r den mest sp\u00e4nnande delen f\u00f6r mig, f\u00f6r vi h\u00e5ller liksom p\u00e5 att tappa konsten att samtala inom m\u00e4nskligheten just nu.<\/p>\n<p>Trots de m\u00e5nga s\u00e5gningarna fick \u201dAfter the Hunt\u201d motta en sex minuter l\u00e5ng st\u00e5ende ovation vid premi\u00e4ren. F\u00f6rutom Roberts medverkar <strong>Andrew Garfield<\/strong>, <strong>Ayo Edebiri<\/strong>, <strong>Michael Stuhlbarg<\/strong> och <strong>Chlo\u00e9 Sevigny<\/strong> i Guadagninos film.\u00a0Bakom manuset st\u00e5r debutanten <strong>Nora Garrett<\/strong>.<\/p>\n<p>Svensk biopremi\u00e4r v\u00e4ntar den 17 oktober. Hur debatten kommer l\u00e5ta h\u00e4r \u00e5terst\u00e5r att se. Men Sveriges kulturskribenter l\u00e4r v\u00e4ssa sina pennor redan nu.<\/p>\n<p><img loading=\"lazy\" decoding=\"async\" alt=\"YouTube video\" width=\"480\" height=\"360\" data-pin-nopin=\"true\" nopin=\"nopin\" class=\"perfmatters-lazy\" src=\"https:\/\/www.europesays.com\/se\/wp-content\/uploads\/2025\/08\/1756626780_35_hqdefault.jpg\"\/><\/p>\n<p>L\u00e4s ocks\u00e5: <a href=\"https:\/\/www.moviezine.se\/nyheter\/visste-du-att-julia-roberts-spelar-svensk-i-sin-nya-thriller-after-the-hunt\" title=\"Visste du att: Julia Roberts spelar svensk i sin nya thriller \u201dAfter the Hunt\u201d\" class=\"underline-custom !font-montserrat !font-bold !underline-offset-4 !decoration-4 !decoration-moviezine-green !text-md\" rel=\"nofollow noopener\" target=\"_blank\">Visste du att: Julia Roberts spelar svensk i sin nya thriller \u201dAfter the Hunt\u201d<\/a><\/p>\n<p>L\u00e4s ocks\u00e5: <a href=\"https:\/\/www.moviezine.se\/nyheter\/8-filmer-vi-ser-fram-emot-pa-venedigs-filmfestival\" title=\"8 filmer vi ser fram emot p\u00e5 Venedigs filmfestival\" class=\"underline-custom !font-montserrat !font-bold !underline-offset-4 !decoration-4 !decoration-moviezine-green !text-md\" rel=\"nofollow noopener\" target=\"_blank\">8 filmer vi ser fram emot p\u00e5 Venedigs filmfestival<\/a><\/p>\n","protected":false},"excerpt":{"rendered":"\u201dAfter the Hunt\u201d har haft premi\u00e4r p\u00e5 filmfestivalen i Venedig \u2013 och polariserat kritikerna. Luca Guadagninos senaste film&hellip;\n","protected":false},"author":2,"featured_media":17975,"comment_status":"","ping_status":"","sticky":false,"template":"","format":"standard","meta":{"footnotes":""},"categories":[67],"tags":[104,2278,34,31,33,32,30,105,2279],"class_list":{"0":"post-17974","1":"post","2":"type-post","3":"status-publish","4":"format-standard","5":"has-post-thumbnail","7":"category-underhallning","8":"tag-entertainment","9":"tag-kommande-filmer","10":"tag-se","11":"tag-svenska","12":"tag-sverige","13":"tag-sweden","14":"tag-swedish","15":"tag-underhallning","16":"tag-venedig-2025"},"share_on_mastodon":{"url":"","error":""},"_links":{"self":[{"href":"https:\/\/www.europesays.com\/se\/wp-json\/wp\/v2\/posts\/17974","targetHints":{"allow":["GET"]}}],"collection":[{"href":"https:\/\/www.europesays.com\/se\/wp-json\/wp\/v2\/posts"}],"about":[{"href":"https:\/\/www.europesays.com\/se\/wp-json\/wp\/v2\/types\/post"}],"author":[{"embeddable":true,"href":"https:\/\/www.europesays.com\/se\/wp-json\/wp\/v2\/users\/2"}],"replies":[{"embeddable":true,"href":"https:\/\/www.europesays.com\/se\/wp-json\/wp\/v2\/comments?post=17974"}],"version-history":[{"count":0,"href":"https:\/\/www.europesays.com\/se\/wp-json\/wp\/v2\/posts\/17974\/revisions"}],"wp:featuredmedia":[{"embeddable":true,"href":"https:\/\/www.europesays.com\/se\/wp-json\/wp\/v2\/media\/17975"}],"wp:attachment":[{"href":"https:\/\/www.europesays.com\/se\/wp-json\/wp\/v2\/media?parent=17974"}],"wp:term":[{"taxonomy":"category","embeddable":true,"href":"https:\/\/www.europesays.com\/se\/wp-json\/wp\/v2\/categories?post=17974"},{"taxonomy":"post_tag","embeddable":true,"href":"https:\/\/www.europesays.com\/se\/wp-json\/wp\/v2\/tags?post=17974"}],"curies":[{"name":"wp","href":"https:\/\/api.w.org\/{rel}","templated":true}]}}