{"id":17977,"date":"2025-08-31T07:57:25","date_gmt":"2025-08-31T07:57:25","guid":{"rendered":"https:\/\/www.europesays.com\/se\/17977\/"},"modified":"2025-08-31T07:57:25","modified_gmt":"2025-08-31T07:57:25","slug":"grannar-varnade-fore-raset-vi-forvantade-oss-detta","status":"publish","type":"post","link":"https:\/\/www.europesays.com\/se\/17977\/","title":{"rendered":"Grannar varnade f\u00f6re raset: \u201dVi f\u00f6rv\u00e4ntade oss detta\u201d"},"content":{"rendered":"<p>Flera boende i n\u00e4rheten av den plats i Levanger i Norge d\u00e4r E6 och en intilliggande j\u00e4rnv\u00e4g p\u00e5 l\u00f6rdagen f\u00f6rst\u00f6rdes i ett jordskred har l\u00e4nge oroat sig f\u00f6r att n\u00e5got skulle kunna h\u00e4nda, skriver Dagbladet. Sissel Buchholdt som bott p\u00e5 en g\u00e5rd i omr\u00e5det hela sitt liv s\u00e4ger att den instabila marken varit n\u00e5got man pratat om i flera generationer. <\/p>\n<p>N\u00e4r Bane Nor, det statliga bolag som ansvarar f\u00f6r den norska j\u00e4rnv\u00e4gen, b\u00f6rjade planera f\u00f6r att bygga ett dubbelsp\u00e5r f\u00f6rbi platsen f\u00f6rs\u00f6kte grannarna varna. <\/p>\n<p>\u2013 Det kom inte som n\u00e5gon \u00f6verraskning. Vi f\u00f6rv\u00e4ntade oss att detta skulle h\u00e4nda, vi visste bara inte n\u00e4r, s\u00e4ger Sissel Buschholdt till NRK.<\/p>\n<p>En person saknas fortfarande efter raset och bed\u00f6ms vara d\u00f6d. <\/p>\n<p>Omni \u00e4r politiskt obundna och oberoende. Vi str\u00e4var efter att ge fler perspektiv p\u00e5 nyheterna. Har du fr\u00e5gor eller synpunkter kring v\u00e5r rapportering? <a href=\"https:\/\/omni.se\/grannarna-varande-fore-raset-vi-forvantade-oss-detta\/a\/mailto:redaktion@omni.se\" class=\"ArticleActions_contactLink__W2F1M\" rel=\"nofollow noopener\" target=\"_blank\">Kontakta redaktionen<\/a><\/p>\n","protected":false},"excerpt":{"rendered":"Flera boende i n\u00e4rheten av den plats i Levanger i Norge d\u00e4r E6 och en intilliggande j\u00e4rnv\u00e4g p\u00e5&hellip;\n","protected":false},"author":2,"featured_media":17978,"comment_status":"","ping_status":"","sticky":false,"template":"","format":"standard","meta":{"footnotes":""},"categories":[5],"tags":[22,23,267,26,27,17,21,24,25,28,29,15,430,16,18,34,31,33,32,30,19,20],"class_list":{"0":"post-17977","1":"post","2":"type-post","3":"status-publish","4":"format-standard","5":"has-post-thumbnail","7":"category-rubriker","8":"tag-breaking-news","9":"tag-breakingnews","10":"tag-europa","11":"tag-featured-news","12":"tag-featurednews","13":"tag-headlines","14":"tag-huvudnyheter","15":"tag-latest-news","16":"tag-latestnews","17":"tag-main-news","18":"tag-mainnews","19":"tag-news","20":"tag-norge","21":"tag-nyheter","22":"tag-rubriker","23":"tag-se","24":"tag-svenska","25":"tag-sverige","26":"tag-sweden","27":"tag-swedish","28":"tag-top-stories","29":"tag-topstories"},"share_on_mastodon":{"url":"","error":""},"_links":{"self":[{"href":"https:\/\/www.europesays.com\/se\/wp-json\/wp\/v2\/posts\/17977","targetHints":{"allow":["GET"]}}],"collection":[{"href":"https:\/\/www.europesays.com\/se\/wp-json\/wp\/v2\/posts"}],"about":[{"href":"https:\/\/www.europesays.com\/se\/wp-json\/wp\/v2\/types\/post"}],"author":[{"embeddable":true,"href":"https:\/\/www.europesays.com\/se\/wp-json\/wp\/v2\/users\/2"}],"replies":[{"embeddable":true,"href":"https:\/\/www.europesays.com\/se\/wp-json\/wp\/v2\/comments?post=17977"}],"version-history":[{"count":0,"href":"https:\/\/www.europesays.com\/se\/wp-json\/wp\/v2\/posts\/17977\/revisions"}],"wp:featuredmedia":[{"embeddable":true,"href":"https:\/\/www.europesays.com\/se\/wp-json\/wp\/v2\/media\/17978"}],"wp:attachment":[{"href":"https:\/\/www.europesays.com\/se\/wp-json\/wp\/v2\/media?parent=17977"}],"wp:term":[{"taxonomy":"category","embeddable":true,"href":"https:\/\/www.europesays.com\/se\/wp-json\/wp\/v2\/categories?post=17977"},{"taxonomy":"post_tag","embeddable":true,"href":"https:\/\/www.europesays.com\/se\/wp-json\/wp\/v2\/tags?post=17977"}],"curies":[{"name":"wp","href":"https:\/\/api.w.org\/{rel}","templated":true}]}}