{"id":18001,"date":"2025-08-31T08:30:14","date_gmt":"2025-08-31T08:30:14","guid":{"rendered":"https:\/\/www.europesays.com\/se\/18001\/"},"modified":"2025-08-31T08:30:14","modified_gmt":"2025-08-31T08:30:14","slug":"mjallby-tog-nytt-steg-mot-guldet-slog-halmstad","status":"publish","type":"post","link":"https:\/\/www.europesays.com\/se\/18001\/","title":{"rendered":"Mj\u00e4llby tog nytt steg mot guldet \u2013 slog Halmstad"},"content":{"rendered":"<p>Mj\u00e4llby stormar mot SM-guldet i herrallsvenskan och tog tre nya po\u00e4ng n\u00e4r laget m\u00f6tte Halmstad under l\u00f6rdagen. Matchen slutade 1\u20130 och det avg\u00f6rande m\u00e5let gjordes fr\u00e5n straffpunkten av stj\u00e4rnspelaren Elliot Stroud. <\/p>\n<p>Mj\u00e4llby, som endast har f\u00f6rlorat en match den h\u00e4r s\u00e4songen, fick slita mot Halmstad som huserar i de l\u00e4gre regionerna i tabellen. <\/p>\n<p>\u2013 Vi f\u00f6ljer matchplanen och maler ner dem, men vi har sv\u00e5rt att f\u00e5 h\u00e5l p\u00e5 dem och d\u00e5 blir det som det blir, s\u00e4ger Mj\u00e4llbytr\u00e4naren Anders Torstensson i HBO Max s\u00e4ndning. <\/p>\n<p>Mj\u00e4llby har nu elva po\u00e4ng ner till tv\u00e5an Hammarby med \u00e5tta matcher kvar av s\u00e4songen. <\/p>\n<p>Omni \u00e4r politiskt obundna och oberoende. Vi str\u00e4var efter att ge fler perspektiv p\u00e5 nyheterna. Har du fr\u00e5gor eller synpunkter kring v\u00e5r rapportering? <a href=\"https:\/\/omni.se\/mjallby-tog-nytt-steg-mot-guldet-slog-halmstad\/a\/mailto:redaktion@omni.se\" class=\"ArticleActions_contactLink__W2F1M\" rel=\"nofollow noopener\" target=\"_blank\">Kontakta redaktionen<\/a><\/p>\n","protected":false},"excerpt":{"rendered":"Mj\u00e4llby stormar mot SM-guldet i herrallsvenskan och tog tre nya po\u00e4ng n\u00e4r laget m\u00f6tte Halmstad under l\u00f6rdagen. Matchen&hellip;\n","protected":false},"author":2,"featured_media":18002,"comment_status":"","ping_status":"","sticky":false,"template":"","format":"standard","meta":{"footnotes":""},"categories":[68],"tags":[2281,138,2280,469,34,111,110,31,33,32,30],"class_list":{"0":"post-18001","1":"post","2":"type-post","3":"status-publish","4":"format-standard","5":"has-post-thumbnail","7":"category-sport","8":"tag-anders-torstensson","9":"tag-fotboll","10":"tag-halmstads-bk","11":"tag-mjallby-aif","12":"tag-se","13":"tag-sport","14":"tag-sports","15":"tag-svenska","16":"tag-sverige","17":"tag-sweden","18":"tag-swedish"},"share_on_mastodon":{"url":"","error":""},"_links":{"self":[{"href":"https:\/\/www.europesays.com\/se\/wp-json\/wp\/v2\/posts\/18001","targetHints":{"allow":["GET"]}}],"collection":[{"href":"https:\/\/www.europesays.com\/se\/wp-json\/wp\/v2\/posts"}],"about":[{"href":"https:\/\/www.europesays.com\/se\/wp-json\/wp\/v2\/types\/post"}],"author":[{"embeddable":true,"href":"https:\/\/www.europesays.com\/se\/wp-json\/wp\/v2\/users\/2"}],"replies":[{"embeddable":true,"href":"https:\/\/www.europesays.com\/se\/wp-json\/wp\/v2\/comments?post=18001"}],"version-history":[{"count":0,"href":"https:\/\/www.europesays.com\/se\/wp-json\/wp\/v2\/posts\/18001\/revisions"}],"wp:featuredmedia":[{"embeddable":true,"href":"https:\/\/www.europesays.com\/se\/wp-json\/wp\/v2\/media\/18002"}],"wp:attachment":[{"href":"https:\/\/www.europesays.com\/se\/wp-json\/wp\/v2\/media?parent=18001"}],"wp:term":[{"taxonomy":"category","embeddable":true,"href":"https:\/\/www.europesays.com\/se\/wp-json\/wp\/v2\/categories?post=18001"},{"taxonomy":"post_tag","embeddable":true,"href":"https:\/\/www.europesays.com\/se\/wp-json\/wp\/v2\/tags?post=18001"}],"curies":[{"name":"wp","href":"https:\/\/api.w.org\/{rel}","templated":true}]}}