{"id":180864,"date":"2026-03-04T07:42:07","date_gmt":"2026-03-04T07:42:07","guid":{"rendered":"https:\/\/www.europesays.com\/se\/180864\/"},"modified":"2026-03-04T07:42:07","modified_gmt":"2026-03-04T07:42:07","slug":"fem-snabba-med-miriam-bryant-nojesvideo","status":"publish","type":"post","link":"https:\/\/www.europesays.com\/se\/180864\/","title":{"rendered":"Fem snabba med Miriam Bryant | N\u00f6jesvideo"},"content":{"rendered":"<p>Publicerad 4 mar 2026 kl 08.00Uppdaterad 3 mar kl 22.49<\/p>\n<p>Det blir inte alltid som man t\u00e4nkt sig, det kan Miriam Bryant vittna om. N\u00e4r hon g\u00e4star Expressen N\u00f6jes \u201dI studion\u201d ber\u00e4ttar hon att samarbetet med andra l\u00e5tskrivare inte alltid b\u00e4r frukt.<br \/>\n\u2013 Det h\u00e4nder j\u00e4tteofta att man p\u00e5b\u00f6rjar en l\u00e5t och s\u00e5 kan man inte avsluta, s\u00e4ger artisten.<br \/>\nReporter: Maja Slobodnik<br \/>\nSe hela intervjun p\u00e5 Expressens Youtubekanal.<\/p>\n<p>            <a href=\"mailto:webbrattelse@expressen.se?subject=Fel%20i%20artikel%3A%20Fem%20snabba%20med%20Miriam%20Bryant&amp;body=En%20l%C3%A4sare%20rapporterar%20fel%20i%20https%3A%2F%2Fwww.expressen.se%2Ftv%2Fnoje%2Ffem-snabba-med-miriam-bryant%2F%0A%0AKommentar%3A%20\"><br \/>\n              Anm\u00e4l text- och faktafel<br \/>\n            <\/a><a href=\"https:\/\/www.expressen.se\/om-expressen\/sa-jobbar-vi-med-korrekta-publiceringar\/\" rel=\"nofollow noopener\" target=\"_blank\">V\u00e5ra kvalitetsrutiner<\/a><\/p>\n","protected":false},"excerpt":{"rendered":"Publicerad 4 mar 2026 kl 08.00Uppdaterad 3 mar kl 22.49 Det blir inte alltid som man t\u00e4nkt sig,&hellip;\n","protected":false},"author":2,"featured_media":180865,"comment_status":"","ping_status":"","sticky":false,"template":"","format":"standard","meta":{"footnotes":"","_share_on_mastodon":"0"},"categories":[67],"tags":[104,2052,34,12493,31,33,32,30,105],"class_list":["post-180864","post","type-post","status-publish","format-standard","has-post-thumbnail","category-underhallning","tag-entertainment","tag-person-miriam-bryant","tag-se","tag-sections-noje","tag-svenska","tag-sverige","tag-sweden","tag-swedish","tag-underhallning"],"share_on_mastodon":{"url":"https:\/\/pubeurope.com\/@se\/116169785070738536","error":""},"_links":{"self":[{"href":"https:\/\/www.europesays.com\/se\/wp-json\/wp\/v2\/posts\/180864","targetHints":{"allow":["GET"]}}],"collection":[{"href":"https:\/\/www.europesays.com\/se\/wp-json\/wp\/v2\/posts"}],"about":[{"href":"https:\/\/www.europesays.com\/se\/wp-json\/wp\/v2\/types\/post"}],"author":[{"embeddable":true,"href":"https:\/\/www.europesays.com\/se\/wp-json\/wp\/v2\/users\/2"}],"replies":[{"embeddable":true,"href":"https:\/\/www.europesays.com\/se\/wp-json\/wp\/v2\/comments?post=180864"}],"version-history":[{"count":0,"href":"https:\/\/www.europesays.com\/se\/wp-json\/wp\/v2\/posts\/180864\/revisions"}],"wp:featuredmedia":[{"embeddable":true,"href":"https:\/\/www.europesays.com\/se\/wp-json\/wp\/v2\/media\/180865"}],"wp:attachment":[{"href":"https:\/\/www.europesays.com\/se\/wp-json\/wp\/v2\/media?parent=180864"}],"wp:term":[{"taxonomy":"category","embeddable":true,"href":"https:\/\/www.europesays.com\/se\/wp-json\/wp\/v2\/categories?post=180864"},{"taxonomy":"post_tag","embeddable":true,"href":"https:\/\/www.europesays.com\/se\/wp-json\/wp\/v2\/tags?post=180864"}],"curies":[{"name":"wp","href":"https:\/\/api.w.org\/{rel}","templated":true}]}}