{"id":18122,"date":"2025-08-31T11:47:07","date_gmt":"2025-08-31T11:47:07","guid":{"rendered":"https:\/\/www.europesays.com\/se\/18122\/"},"modified":"2025-08-31T11:47:07","modified_gmt":"2025-08-31T11:47:07","slug":"larmet-fran-sonen-tror-jag-mordat-min-mamma-krim","status":"publish","type":"post","link":"https:\/\/www.europesays.com\/se\/18122\/","title":{"rendered":"Larmet fr\u00e5n sonen: \u201dTror jag m\u00f6rdat min mamma\u201d | Krim"},"content":{"rendered":"<p>Publicerad 31 aug 2025 kl 12.05<\/p>\n<p>I v\u00e5ras blev en kvinna i 60-\u00e5rs\u00e5ldern s\u00e5 brutalt \u00f6verfallen i sin l\u00e4genhet att hon n\u00e4stan miste livet.<\/p>\n<p>D\u00e5 fick SOS in ett larm fr\u00e5n hennes son.<\/p>\n<p>\u2013 Jag tror att jag har m\u00f6rdat min mamma, s\u00e4ger han i samtalet, rapporterar <a href=\"https:\/\/www.kuriren.nu\/nyheter\/boden\/artikel\/samtalet-till-sos-alarm-jag-tror-jag-mordat-min-mamma\/r14ngvxr\" rel=\"nofollow noopener\" target=\"_blank\">Norrbottens-Kuriren<\/a>.<\/p>\n<p><img   alt=\"\"\/><\/p>\n<p>En man \u00e5talas f\u00f6r mordf\u00f6rs\u00f6k och hot mot tj\u00e4nsteman vid Lule\u00e5 tingsr\u00e4tt.<\/p>\n<p>Foto: Susanne Lindholm \/ TT NYHETSBYR\u00c5N<\/p>\n<p>\u00d6ppna bild i helsk\u00e4rm<\/p>\n<p>Samtalet gjordes i b\u00f6rjan av april och n\u00e4r polisen kom till bostaden v\u00e4grade mannen, som \u00e4r i 30-\u00e5rs\u00e5ldern, att sl\u00e4ppa in dem.\u00a0<\/p>\n<p>Till slut fick de krossa balkongf\u00f6nstret f\u00f6r att ta sig in och m\u00f6ttes d\u00e5 av den berusade och v\u00e5ldsamma sonen. Gripandet f\u00e5ngades p\u00e5 film av polisens kroppskameror.<\/p>\n<p>Kvinnan hade f\u00e5tt sv\u00e5ra skador, bland annat en bl\u00f6dning i huvudet och frakturer. Hon fick f\u00f6ras till intensivv\u00e5rdsavdelningen i Ume\u00e5.<\/p>\n<p>Nu \u00e5talas mannen f\u00f6r mordf\u00f6rs\u00f6k och hot mot tj\u00e4nsteman vid Lule\u00e5 tingsr\u00e4tt, rapporterar <a href=\"https:\/\/www.expressen.se\/tagg\/location\/norrbotten\/\" class=\"\" rel=\"nofollow noopener\" target=\"_blank\">Norrbottens<\/a>-Kuriren.<\/p>\n<p>\u201dHan var som ett rovdjur\u201d<\/p>\n<p>Utanf\u00f6r bostaden hittades \u00e4ven en kniv med sonens DNA. I larmet till SOS sa mannen att han knivhuggit sin mamma, n\u00e5got han inte kunde dra sig till minnes under polisf\u00f6rh\u00f6r.<\/p>\n<p>\u2013 Hade jag det d\u00e5? Det \u00e4r sjukt, s\u00e4ger mannen i f\u00f6rh\u00f6ren, enligt tidningen.<\/p>\n<p>En v\u00e4n till mannen ber\u00e4ttar att han tidigare under dagen varit \u201dhelt galen\u201d.<\/p>\n<p>\u2013 Han var som ett rovdjur. En kille som han borde sp\u00e4rras in f\u00f6r alltid, s\u00e4ger v\u00e4nnen i f\u00f6rh\u00f6r.<\/p>\n<p>\u00c4ven dottern hade varnat mamman f\u00f6r hans v\u00e5ldsbeteende och vittnen ber\u00e4ttar att han uttryckt hat mot kvinnor.<\/p>\n<p>Kvinnan har inga minnen fr\u00e5n den kv\u00e4llen och har sv\u00e5rt att tro att sonen gjort henne illa. Men hon har ber\u00e4ttat att han varit fixerad vid knivar sedan barnsben.<\/p>\n<p>Mannen har varken erk\u00e4nt eller f\u00f6rnekat brott.<\/p>\n","protected":false},"excerpt":{"rendered":"Publicerad 31 aug 2025 kl 12.05 I v\u00e5ras blev en kvinna i 60-\u00e5rs\u00e5ldern s\u00e5 brutalt \u00f6verfallen i sin&hellip;\n","protected":false},"author":2,"featured_media":18123,"comment_status":"","ping_status":"","sticky":false,"template":"","format":"standard","meta":{"footnotes":""},"categories":[12],"tags":[22,23,26,27,17,21,24,25,1873,2295,28,29,15,16,18,34,666,31,33,32,30,19,436,20],"class_list":{"0":"post-18122","1":"post","2":"type-post","3":"status-publish","4":"format-standard","5":"has-post-thumbnail","7":"category-sverige","8":"tag-breaking-news","9":"tag-breakingnews","10":"tag-featured-news","11":"tag-featurednews","12":"tag-headlines","13":"tag-huvudnyheter","14":"tag-latest-news","15":"tag-latestnews","16":"tag-location-lulea","17":"tag-location-norrbotten","18":"tag-main-news","19":"tag-mainnews","20":"tag-news","21":"tag-nyheter","22":"tag-rubriker","23":"tag-se","24":"tag-sections-krim","25":"tag-svenska","26":"tag-sverige","27":"tag-sweden","28":"tag-swedish","29":"tag-top-stories","30":"tag-topic-valdsbrott-mord","31":"tag-topstories"},"share_on_mastodon":{"url":"","error":""},"_links":{"self":[{"href":"https:\/\/www.europesays.com\/se\/wp-json\/wp\/v2\/posts\/18122","targetHints":{"allow":["GET"]}}],"collection":[{"href":"https:\/\/www.europesays.com\/se\/wp-json\/wp\/v2\/posts"}],"about":[{"href":"https:\/\/www.europesays.com\/se\/wp-json\/wp\/v2\/types\/post"}],"author":[{"embeddable":true,"href":"https:\/\/www.europesays.com\/se\/wp-json\/wp\/v2\/users\/2"}],"replies":[{"embeddable":true,"href":"https:\/\/www.europesays.com\/se\/wp-json\/wp\/v2\/comments?post=18122"}],"version-history":[{"count":0,"href":"https:\/\/www.europesays.com\/se\/wp-json\/wp\/v2\/posts\/18122\/revisions"}],"wp:featuredmedia":[{"embeddable":true,"href":"https:\/\/www.europesays.com\/se\/wp-json\/wp\/v2\/media\/18123"}],"wp:attachment":[{"href":"https:\/\/www.europesays.com\/se\/wp-json\/wp\/v2\/media?parent=18122"}],"wp:term":[{"taxonomy":"category","embeddable":true,"href":"https:\/\/www.europesays.com\/se\/wp-json\/wp\/v2\/categories?post=18122"},{"taxonomy":"post_tag","embeddable":true,"href":"https:\/\/www.europesays.com\/se\/wp-json\/wp\/v2\/tags?post=18122"}],"curies":[{"name":"wp","href":"https:\/\/api.w.org\/{rel}","templated":true}]}}