{"id":18139,"date":"2025-08-31T12:28:09","date_gmt":"2025-08-31T12:28:09","guid":{"rendered":"https:\/\/www.europesays.com\/se\/18139\/"},"modified":"2025-08-31T12:28:09","modified_gmt":"2025-08-31T12:28:09","slug":"valfyllda-tyska-gaslager-dampar-oro-for-elpriser","status":"publish","type":"post","link":"https:\/\/www.europesays.com\/se\/18139\/","title":{"rendered":"V\u00e4lfyllda tyska gaslager d\u00e4mpar oro f\u00f6r elpriser"},"content":{"rendered":"<p>Tyskland har fyllt sina gaslager till 70 procent redan i slutet av augusti, tv\u00e5 m\u00e5nader tidigare \u00e4n planerat, rapporterar Bloomberg. Detta \u00e4r goda nyheter f\u00f6r alla som oroar sig f\u00f6r h\u00f6gre elpriser i vinter.<\/p>\n<p>M\u00e5let var att n\u00e5 niv\u00e5n den 1 november, men fallande gaspriser p\u00e5 r\u00e5varumarknaden under sommaren har p\u00e5skyndat p\u00e5fyllnaden. Gasreserverna \u00e4r avg\u00f6rande f\u00f6r att h\u00e5lla f\u00f6retag och hush\u00e5ll f\u00f6rs\u00f6rjda med el och v\u00e4rme n\u00e4r kylan kommer.<\/p>\n<p>Sedan Ryssland inledde sin fullskaliga invasion av Ukraina 2022 har infl\u00f6det av rysk gas strypts kraftigt, vilket gjort EU:s lageruppbyggnad central. V\u00e4lfyllda lager ska bidra till att undvika en repris av energikrisen 2022, d\u00e5 bristsituationen ledde till kraftigt h\u00f6jda elpriser \u00e4ven f\u00f6r svenska hush\u00e5ll.<\/p>\n<p>Omni \u00e4r politiskt obundna och oberoende. Vi str\u00e4var efter att ge fler perspektiv p\u00e5 nyheterna. Har du fr\u00e5gor eller synpunkter kring v\u00e5r rapportering? <a href=\"https:\/\/omni.se\/valfyllda-tyska-gaslager-dampar-oro-for-elpriser\/a\/mailto:redaktion@omni.se\" class=\"ArticleActions_contactLink__W2F1M\" rel=\"nofollow noopener\" target=\"_blank\">Kontakta redaktionen<\/a><\/p>\n","protected":false},"excerpt":{"rendered":"Tyskland har fyllt sina gaslager till 70 procent redan i slutet av augusti, tv\u00e5 m\u00e5nader tidigare \u00e4n planerat,&hellip;\n","protected":false},"author":2,"featured_media":18140,"comment_status":"","ping_status":"","sticky":false,"template":"","format":"standard","meta":{"footnotes":""},"categories":[65],"tags":[72,70,71,2302,291,34,31,33,32,30,408],"class_list":{"0":"post-18139","1":"post","2":"type-post","3":"status-publish","4":"format-standard","5":"has-post-thumbnail","7":"category-ekonomi","8":"tag-business","9":"tag-economy","10":"tag-ekonomi","11":"tag-elpriser","12":"tag-energi-ravaror","13":"tag-se","14":"tag-svenska","15":"tag-sverige","16":"tag-sweden","17":"tag-swedish","18":"tag-tyskland"},"share_on_mastodon":{"url":"","error":""},"_links":{"self":[{"href":"https:\/\/www.europesays.com\/se\/wp-json\/wp\/v2\/posts\/18139","targetHints":{"allow":["GET"]}}],"collection":[{"href":"https:\/\/www.europesays.com\/se\/wp-json\/wp\/v2\/posts"}],"about":[{"href":"https:\/\/www.europesays.com\/se\/wp-json\/wp\/v2\/types\/post"}],"author":[{"embeddable":true,"href":"https:\/\/www.europesays.com\/se\/wp-json\/wp\/v2\/users\/2"}],"replies":[{"embeddable":true,"href":"https:\/\/www.europesays.com\/se\/wp-json\/wp\/v2\/comments?post=18139"}],"version-history":[{"count":0,"href":"https:\/\/www.europesays.com\/se\/wp-json\/wp\/v2\/posts\/18139\/revisions"}],"wp:featuredmedia":[{"embeddable":true,"href":"https:\/\/www.europesays.com\/se\/wp-json\/wp\/v2\/media\/18140"}],"wp:attachment":[{"href":"https:\/\/www.europesays.com\/se\/wp-json\/wp\/v2\/media?parent=18139"}],"wp:term":[{"taxonomy":"category","embeddable":true,"href":"https:\/\/www.europesays.com\/se\/wp-json\/wp\/v2\/categories?post=18139"},{"taxonomy":"post_tag","embeddable":true,"href":"https:\/\/www.europesays.com\/se\/wp-json\/wp\/v2\/tags?post=18139"}],"curies":[{"name":"wp","href":"https:\/\/api.w.org\/{rel}","templated":true}]}}