{"id":18195,"date":"2025-08-31T14:12:19","date_gmt":"2025-08-31T14:12:19","guid":{"rendered":"https:\/\/www.europesays.com\/se\/18195\/"},"modified":"2025-08-31T14:12:19","modified_gmt":"2025-08-31T14:12:19","slug":"malmos-fiasko-tappade-poang-hemma-mot-degerfors-allsvenskan","status":"publish","type":"post","link":"https:\/\/www.europesays.com\/se\/18195\/","title":{"rendered":"Malm\u00f6s fiasko \u2013 tappade po\u00e4ng hemma mot Degerfors | Allsvenskan"},"content":{"rendered":"<p>Publicerad 31 aug 2025 kl 14.42Uppdaterad kl 16.11<\/p>\n<p>Rej\u00e4l missr\u00e4kning f\u00f6r Malm\u00f6 FF.\u00a0<\/p>\n<p>Sk\u00e5ningarna lyckades inte ta tre po\u00e4ng hemma mot Degerfors.\u00a0<\/p>\n<p>\u2013 Vi hade tillr\u00e4ckligt med l\u00e4gen f\u00f6r att vinna i dag, s\u00e4ger Taha Ali till HBO Max.\u00a0<\/p>\n<p><img   alt=\"\"\/><\/p>\n<p>Strygers MFF kryssade mot Degerfors.<\/p>\n<p>Foto: PETTER ARVIDSON \/ BILDBYR\u00c5N<\/p>\n<p>\u00d6ppna bild i helsk\u00e4rm<img loading=\"lazy\"   alt=\"\"\/><\/p>\n<p>Colin R\u00f6sler skadade sig i f\u00f6rsta halvlek.<\/p>\n<p>Foto: Max<\/p>\n<p>\u00d6ppna bild i helsk\u00e4rm<img loading=\"lazy\"   alt=\"\"\/> <\/p>\n<p>Foto: PETTER ARVIDSON \/ BILDBYR\u00c5N<\/p>\n<p>\u00d6ppna bild i helsk\u00e4rm<\/p>\n<p><a href=\"https:\/\/www.expressen.se\/tagg\/organization\/malmo-ff\/\" class=\"\" rel=\"nofollow noopener\" target=\"_blank\">Malm\u00f6 FF<\/a> \u00e5kte p\u00e5 en mardr\u00f6mstart hemma mot n\u00e4stjumbon Degerfors IF.\u00a0<\/p>\n<p>Marcus Rafferty tryckte in 1\u20130 f\u00f6r de r\u00f6dvita.\u00a0<\/p>\n<p>20 minuter senare kom n\u00e4sta sm\u00e4ll f\u00f6r MFF. Colin R\u00f6sler blev liggandes i sm\u00e4rtor efter en passning.\u00a0<\/p>\n<p>R\u00f6sler testade att spela vidare men det gick inte. Norrmannen byttes ut skadad.\u00a0<\/p>\n<p>Johan Karlsson ersatte R\u00f6sler.\u00a0<\/p>\n<p>Strax f\u00f6re halvtid lyckades Malm\u00f6 kvitterade genom Adrian Skogmar.\u00a0<\/p>\n<p>Olsen r\u00e4ddade straff<\/p>\n<p>Men n\u00e5gra fler m\u00e5l blev det inte. Matchen slutade oavgjort \u2013 och det var n\u00e4ra att bli f\u00f6rlust f\u00f6r MFF.\u00a0<\/p>\n<p>Med halvtimmen kvar att spela fick Degerfors straff efter att bollen tagit p\u00e5 Lasse Berg Johnsens arm.\u00a0<\/p>\n<p>Den straffen lyckades Arman Taranis inte f\u00f6rvalta. Robin Olsen sl\u00e4ngde sig \u00e5t r\u00e4tt h\u00e5ll och blev po\u00e4ngr\u00e4ddare f\u00f6r MFF.\u00a0<\/p>\n<p>N\u00e4r slutsignalen gick var buropen h\u00f6ga p\u00e5 Eleda stadion. Malm\u00f6 halkar i och med po\u00e4ngtappet efter i striden om Europaplatserna.\u00a0<\/p>\n<p>\u2013 Vi har tillr\u00e4ckligt med l\u00e4gen f\u00f6r att vinna i dag, s\u00e4ger Taha Ali till HBO Max efter matchen.\u00a0<\/p>\n<p>Det \u00e4r andra hemmamatchen i rad som MFF inte lyckas vinna.\u00a0<\/p>\n<p>\u2013 Det har inte varit tillr\u00e4ckligt bra de senaste tv\u00e5 matcherna, konstaterar Ali.\u00a0<\/p>\n","protected":false},"excerpt":{"rendered":"Publicerad 31 aug 2025 kl 14.42Uppdaterad kl 16.11 Rej\u00e4l missr\u00e4kning f\u00f6r Malm\u00f6 FF.\u00a0 Sk\u00e5ningarna lyckades inte ta tre&hellip;\n","protected":false},"author":2,"featured_media":18196,"comment_status":"","ping_status":"","sticky":false,"template":"","format":"standard","meta":{"footnotes":""},"categories":[68],"tags":[555,1235,358,34,130,129,111,110,31,33,32,30],"class_list":{"0":"post-18195","1":"post","2":"type-post","3":"status-publish","4":"format-standard","5":"has-post-thumbnail","7":"category-sport","8":"tag-organization-allsvenskan","9":"tag-organization-degerfors-if","10":"tag-organization-malmo-ff","11":"tag-se","12":"tag-sections-allsvenskan","13":"tag-sections-fotboll","14":"tag-sport","15":"tag-sports","16":"tag-svenska","17":"tag-sverige","18":"tag-sweden","19":"tag-swedish"},"share_on_mastodon":{"url":"","error":""},"_links":{"self":[{"href":"https:\/\/www.europesays.com\/se\/wp-json\/wp\/v2\/posts\/18195","targetHints":{"allow":["GET"]}}],"collection":[{"href":"https:\/\/www.europesays.com\/se\/wp-json\/wp\/v2\/posts"}],"about":[{"href":"https:\/\/www.europesays.com\/se\/wp-json\/wp\/v2\/types\/post"}],"author":[{"embeddable":true,"href":"https:\/\/www.europesays.com\/se\/wp-json\/wp\/v2\/users\/2"}],"replies":[{"embeddable":true,"href":"https:\/\/www.europesays.com\/se\/wp-json\/wp\/v2\/comments?post=18195"}],"version-history":[{"count":0,"href":"https:\/\/www.europesays.com\/se\/wp-json\/wp\/v2\/posts\/18195\/revisions"}],"wp:featuredmedia":[{"embeddable":true,"href":"https:\/\/www.europesays.com\/se\/wp-json\/wp\/v2\/media\/18196"}],"wp:attachment":[{"href":"https:\/\/www.europesays.com\/se\/wp-json\/wp\/v2\/media?parent=18195"}],"wp:term":[{"taxonomy":"category","embeddable":true,"href":"https:\/\/www.europesays.com\/se\/wp-json\/wp\/v2\/categories?post=18195"},{"taxonomy":"post_tag","embeddable":true,"href":"https:\/\/www.europesays.com\/se\/wp-json\/wp\/v2\/tags?post=18195"}],"curies":[{"name":"wp","href":"https:\/\/api.w.org\/{rel}","templated":true}]}}