{"id":18216,"date":"2025-08-31T14:36:03","date_gmt":"2025-08-31T14:36:03","guid":{"rendered":"https:\/\/www.europesays.com\/se\/18216\/"},"modified":"2025-08-31T14:36:03","modified_gmt":"2025-08-31T14:36:03","slug":"vad-tycker-du-om-ostersunds-kommun","status":"publish","type":"post","link":"https:\/\/www.europesays.com\/se\/18216\/","title":{"rendered":"Vad tycker du om \u00d6stersunds kommun?"},"content":{"rendered":"<p>Varf\u00f6r g\u00f6r vi unders\u00f6kningen?<\/p>\n<p class=\"normal\">SCB:s medborgarunders\u00f6kning ger oss v\u00e4rdefull kunskap om hur du som inv\u00e5nare upplever kommunen. Resultaten hj\u00e4lper oss att f\u00f6lja utvecklingen \u00f6ver tid, j\u00e4mf\u00f6ra med andra kommuner och f\u00f6rb\u00e4ttra v\u00e5r verksamhet.<\/p>\n<p>Hur g\u00e5r det till?<\/p>\n<p class=\"normal\">I augusti f\u00e5r de slumpm\u00e4ssigt utvalda ett informationsbrev. Sj\u00e4lva unders\u00f6kningen p\u00e5g\u00e5r under perioden september till november. Exakta datum meddelas i brevet. Unders\u00f6kningen kan besvaras via webben eller p\u00e5 papper f\u00f6r att sedan posta in sina svar.<\/p>\n<p class=\"normal\">All information g\u00e4llande unders\u00f6kningen skickas ut via brev och avs\u00e4ndaren \u00e4r SCB tillsammans med \u00d6stersunds kommun. Du som blir utvald kommer inte bli kontaktad via telefon, allt sker skriftligt.<\/p>\n<p>Du som blir utvald \u2013 Ta chansen att p\u00e5verka!<\/p>\n<p class=\"normal\">Om du \u00e4r en av de som f\u00e5r unders\u00f6kningen, ta chansen att tycka till! Dina svar \u00e4r viktiga f\u00f6r att vi ska kunna g\u00f6ra \u00d6stersunds kommun \u00e4nnu b\u00e4ttre att leva i.<\/p>\n","protected":false},"excerpt":{"rendered":"Varf\u00f6r g\u00f6r vi unders\u00f6kningen? SCB:s medborgarunders\u00f6kning ger oss v\u00e4rdefull kunskap om hur du som inv\u00e5nare upplever kommunen. Resultaten&hellip;\n","protected":false},"author":2,"featured_media":18217,"comment_status":"","ping_status":"","sticky":false,"template":"","format":"standard","meta":{"footnotes":""},"categories":[65],"tags":[72,70,71,34,2312,31,33,32,30,2313],"class_list":{"0":"post-18216","1":"post","2":"type-post","3":"status-publish","4":"format-standard","5":"has-post-thumbnail","7":"category-ekonomi","8":"tag-business","9":"tag-economy","10":"tag-ekonomi","11":"tag-se","12":"tag-statistik","13":"tag-svenska","14":"tag-sverige","15":"tag-sweden","16":"tag-swedish","17":"tag-undersokning"},"share_on_mastodon":{"url":"","error":""},"_links":{"self":[{"href":"https:\/\/www.europesays.com\/se\/wp-json\/wp\/v2\/posts\/18216","targetHints":{"allow":["GET"]}}],"collection":[{"href":"https:\/\/www.europesays.com\/se\/wp-json\/wp\/v2\/posts"}],"about":[{"href":"https:\/\/www.europesays.com\/se\/wp-json\/wp\/v2\/types\/post"}],"author":[{"embeddable":true,"href":"https:\/\/www.europesays.com\/se\/wp-json\/wp\/v2\/users\/2"}],"replies":[{"embeddable":true,"href":"https:\/\/www.europesays.com\/se\/wp-json\/wp\/v2\/comments?post=18216"}],"version-history":[{"count":0,"href":"https:\/\/www.europesays.com\/se\/wp-json\/wp\/v2\/posts\/18216\/revisions"}],"wp:featuredmedia":[{"embeddable":true,"href":"https:\/\/www.europesays.com\/se\/wp-json\/wp\/v2\/media\/18217"}],"wp:attachment":[{"href":"https:\/\/www.europesays.com\/se\/wp-json\/wp\/v2\/media?parent=18216"}],"wp:term":[{"taxonomy":"category","embeddable":true,"href":"https:\/\/www.europesays.com\/se\/wp-json\/wp\/v2\/categories?post=18216"},{"taxonomy":"post_tag","embeddable":true,"href":"https:\/\/www.europesays.com\/se\/wp-json\/wp\/v2\/tags?post=18216"}],"curies":[{"name":"wp","href":"https:\/\/api.w.org\/{rel}","templated":true}]}}