{"id":18234,"date":"2025-08-31T14:58:13","date_gmt":"2025-08-31T14:58:13","guid":{"rendered":"https:\/\/www.europesays.com\/se\/18234\/"},"modified":"2025-08-31T14:58:13","modified_gmt":"2025-08-31T14:58:13","slug":"kunde-ta-fran-mig-sjalv","status":"publish","type":"post","link":"https:\/\/www.europesays.com\/se\/18234\/","title":{"rendered":"\u201dKunde ta fr\u00e5n mig sj\u00e4lv\u201d"},"content":{"rendered":"<p>I den nya filmen \u201dThe wizard of the Kremlin\u201d, d\u00e4r Jude Law g\u00f6r rollen som Vladimir Putin, skildras den ryske presidentens historia av den delvis fiktive r\u00e5dgivaren Vadim Baranov, spelad av Paul Dano. Alicia Vikander spelar Ksenia, kvinnan i Baranovs liv.<\/p>\n<p>Till TT s\u00e4ger hon att hon kunde ta mycket fr\u00e5n sig sj\u00e4lv i rollen.<\/p>\n<p>\u2013 I b\u00f6rjan av filmen \u00e4r Ksenia en person som flyr, en skepnadsskiftare. En person som f\u00f6rkroppsligar Ryssland under \u00e5ren sedan Sovjet rasat.<\/p>\n<p>Regiss\u00f6ren Olivier Assayas s\u00e4ger att Ksenia symboliserar frihet och ungdomens tro p\u00e5 f\u00f6r\u00e4ndring efter Sovjetunionens fall.<\/p>\n<p>Omni \u00e4r politiskt obundna och oberoende. Vi str\u00e4var efter att ge fler perspektiv p\u00e5 nyheterna. Har du fr\u00e5gor eller synpunkter kring v\u00e5r rapportering? <a href=\"https:\/\/omni.se\/vikander-om-putinfilmen-kunde-ta-fran-mig-sjalv\/a\/mailto:redaktion@omni.se\" class=\"ArticleActions_contactLink__W2F1M\" rel=\"nofollow noopener\" target=\"_blank\">Kontakta redaktionen<\/a><\/p>\n","protected":false},"excerpt":{"rendered":"I den nya filmen \u201dThe wizard of the Kremlin\u201d, d\u00e4r Jude Law g\u00f6r rollen som Vladimir Putin, skildras&hellip;\n","protected":false},"author":2,"featured_media":18235,"comment_status":"","ping_status":"","sticky":false,"template":"","format":"standard","meta":{"footnotes":""},"categories":[67],"tags":[1445,104,903,2315,2314,34,31,33,32,30,105,261],"class_list":{"0":"post-18234","1":"post","2":"type-post","3":"status-publish","4":"format-standard","5":"has-post-thumbnail","7":"category-underhallning","8":"tag-alicia-vikander","9":"tag-entertainment","10":"tag-film","11":"tag-filmfestivalen-i-venedig","12":"tag-jude-law","13":"tag-se","14":"tag-svenska","15":"tag-sverige","16":"tag-sweden","17":"tag-swedish","18":"tag-underhallning","19":"tag-vladimir-putin"},"share_on_mastodon":{"url":"","error":""},"_links":{"self":[{"href":"https:\/\/www.europesays.com\/se\/wp-json\/wp\/v2\/posts\/18234","targetHints":{"allow":["GET"]}}],"collection":[{"href":"https:\/\/www.europesays.com\/se\/wp-json\/wp\/v2\/posts"}],"about":[{"href":"https:\/\/www.europesays.com\/se\/wp-json\/wp\/v2\/types\/post"}],"author":[{"embeddable":true,"href":"https:\/\/www.europesays.com\/se\/wp-json\/wp\/v2\/users\/2"}],"replies":[{"embeddable":true,"href":"https:\/\/www.europesays.com\/se\/wp-json\/wp\/v2\/comments?post=18234"}],"version-history":[{"count":0,"href":"https:\/\/www.europesays.com\/se\/wp-json\/wp\/v2\/posts\/18234\/revisions"}],"wp:featuredmedia":[{"embeddable":true,"href":"https:\/\/www.europesays.com\/se\/wp-json\/wp\/v2\/media\/18235"}],"wp:attachment":[{"href":"https:\/\/www.europesays.com\/se\/wp-json\/wp\/v2\/media?parent=18234"}],"wp:term":[{"taxonomy":"category","embeddable":true,"href":"https:\/\/www.europesays.com\/se\/wp-json\/wp\/v2\/categories?post=18234"},{"taxonomy":"post_tag","embeddable":true,"href":"https:\/\/www.europesays.com\/se\/wp-json\/wp\/v2\/tags?post=18234"}],"curies":[{"name":"wp","href":"https:\/\/api.w.org\/{rel}","templated":true}]}}