{"id":18297,"date":"2025-08-31T16:17:08","date_gmt":"2025-08-31T16:17:08","guid":{"rendered":"https:\/\/www.europesays.com\/se\/18297\/"},"modified":"2025-08-31T16:17:08","modified_gmt":"2025-08-31T16:17:08","slug":"ryssland-har-ett-nytt-spionupplagg","status":"publish","type":"post","link":"https:\/\/www.europesays.com\/se\/18297\/","title":{"rendered":"Ryssland har ett nytt spionuppl\u00e4gg"},"content":{"rendered":"<p>Fr\u00e4mmande makters anv\u00e4ndning av spioner och underr\u00e4ttelseagenter har \u00e4ndrat form, vilket inneb\u00e4r nya utmaningar f\u00f6r bland annat Sveriges kontraspionage. Det uppger tv\u00e5 tidigare anst\u00e4llda p\u00e5 S\u00e4po f\u00f6r SvD.<\/p>\n<p>Rysslands underr\u00e4ttelsetj\u00e4nst har bytt taktik och det nya uppl\u00e4gget liknar systemet i den nya gigekonomin, skriver tidningen. Personer kan f\u00e5 tillf\u00e4lliga uppdrag, ofta p\u00e5 n\u00e4tet, och kallas \u201deng\u00e5ngsspioner\u201d eller \u201df\u00f6rbrukningsagenter\u201d. <\/p>\n<p>\u2013 Om inte vi \u00e4ndrar v\u00e5r taktik s\u00e5 kommer vi att f\u00f6rlora, s\u00e4ger Petter Larsson som har arbetat med personbaserad inh\u00e4mtning \u00e5t S\u00e4po. <\/p>\n<p>Kennet Alexandersson, tidigare chefsanalytiker p\u00e5 S\u00e4pos avdelning f\u00f6r kontraspionage, beskriver det som att kontraspionage har \u201dg\u00e5tt fr\u00e5n sv\u00e5rt till j\u00e4ttesv\u00e5rt\u201d. <\/p>\n<p>Omni \u00e4r politiskt obundna och oberoende. Vi str\u00e4var efter att ge fler perspektiv p\u00e5 nyheterna. Har du fr\u00e5gor eller synpunkter kring v\u00e5r rapportering? <a href=\"https:\/\/omni.se\/tidigare-anstallda-pa-sapo-varnar-ryssland-har-ett-nytt-spionupplagg\/a\/mailto:redaktion@omni.se\" class=\"ArticleActions_contactLink__W2F1M\" rel=\"nofollow noopener\" target=\"_blank\">Kontakta redaktionen<\/a><\/p>\n","protected":false},"excerpt":{"rendered":"Fr\u00e4mmande makters anv\u00e4ndning av spioner och underr\u00e4ttelseagenter har \u00e4ndrat form, vilket inneb\u00e4r nya utmaningar f\u00f6r bland annat Sveriges&hellip;\n","protected":false},"author":2,"featured_media":18298,"comment_status":"","ping_status":"","sticky":false,"template":"","format":"standard","meta":{"footnotes":""},"categories":[5],"tags":[22,23,267,26,27,17,21,24,25,28,29,15,16,369,18,264,2152,2332,34,31,33,32,30,19,20],"class_list":{"0":"post-18297","1":"post","2":"type-post","3":"status-publish","4":"format-standard","5":"has-post-thumbnail","7":"category-rubriker","8":"tag-breaking-news","9":"tag-breakingnews","10":"tag-europa","11":"tag-featured-news","12":"tag-featurednews","13":"tag-headlines","14":"tag-huvudnyheter","15":"tag-latest-news","16":"tag-latestnews","17":"tag-main-news","18":"tag-mainnews","19":"tag-news","20":"tag-nyheter","21":"tag-politik","22":"tag-rubriker","23":"tag-ryssland","24":"tag-sakerhetspolitik","25":"tag-sapo","26":"tag-se","27":"tag-svenska","28":"tag-sverige","29":"tag-sweden","30":"tag-swedish","31":"tag-top-stories","32":"tag-topstories"},"share_on_mastodon":{"url":"","error":""},"_links":{"self":[{"href":"https:\/\/www.europesays.com\/se\/wp-json\/wp\/v2\/posts\/18297","targetHints":{"allow":["GET"]}}],"collection":[{"href":"https:\/\/www.europesays.com\/se\/wp-json\/wp\/v2\/posts"}],"about":[{"href":"https:\/\/www.europesays.com\/se\/wp-json\/wp\/v2\/types\/post"}],"author":[{"embeddable":true,"href":"https:\/\/www.europesays.com\/se\/wp-json\/wp\/v2\/users\/2"}],"replies":[{"embeddable":true,"href":"https:\/\/www.europesays.com\/se\/wp-json\/wp\/v2\/comments?post=18297"}],"version-history":[{"count":0,"href":"https:\/\/www.europesays.com\/se\/wp-json\/wp\/v2\/posts\/18297\/revisions"}],"wp:featuredmedia":[{"embeddable":true,"href":"https:\/\/www.europesays.com\/se\/wp-json\/wp\/v2\/media\/18298"}],"wp:attachment":[{"href":"https:\/\/www.europesays.com\/se\/wp-json\/wp\/v2\/media?parent=18297"}],"wp:term":[{"taxonomy":"category","embeddable":true,"href":"https:\/\/www.europesays.com\/se\/wp-json\/wp\/v2\/categories?post=18297"},{"taxonomy":"post_tag","embeddable":true,"href":"https:\/\/www.europesays.com\/se\/wp-json\/wp\/v2\/tags?post=18297"}],"curies":[{"name":"wp","href":"https:\/\/api.w.org\/{rel}","templated":true}]}}