{"id":18382,"date":"2025-08-31T18:25:18","date_gmt":"2025-08-31T18:25:18","guid":{"rendered":"https:\/\/www.europesays.com\/se\/18382\/"},"modified":"2025-08-31T18:25:18","modified_gmt":"2025-08-31T18:25:18","slug":"stortalangen-har-presenterat-sig-i-brynas","status":"publish","type":"post","link":"https:\/\/www.europesays.com\/se\/18382\/","title":{"rendered":"Stortalangen har presenterat sig i Bryn\u00e4s"},"content":{"rendered":"<p><strong><a href=\"https:\/\/hockeysverige.se\/spelare\/lucas-pettersson\/\" rel=\"nofollow noopener\" target=\"_blank\">Lucas Pettersson<\/a> har gjort sitt f\u00f6rsta m\u00e5l f\u00f6r <a href=\"https:\/\/hockeysverige.se\/klubb\/brynas-if\/\" rel=\"nofollow noopener\" target=\"_blank\">Bryn\u00e4s<\/a>. Det var i 5-0-segern i CHL-matchen mot Mountfield som 19-\u00e5ringen spr\u00e4ckte nollan.<\/strong><\/p>\n<p><img loading=\"lazy\" decoding=\"async\" width=\"1024\" height=\"658\" src=\"https:\/\/www.europesays.com\/se\/wp-content\/uploads\/2025\/08\/250308ZW112-1024x658.webp.webp\" alt=\"Lucas Pettersson.\" class=\"wp-image-273478\"  \/>Lucas Pettersson.<br \/>\nFoto: Jonas Forsberg\/Bildbyr\u00e5n<\/p>\n<p>Det var under v\u00e5ren som Lucas Pettersson valde att l\u00e4mna MoDo f\u00f6r spel i Bryn\u00e4s. Talangen skrev ocks\u00e5 NHL-kontrakt med <a href=\"https:\/\/hockeysverige.se\/klubb\/anaheim-ducks\/\" rel=\"nofollow noopener\" target=\"_blank\">Anaheim Ducks<\/a> som d\u00e5 l\u00e5nade ut honom till den svenska klubben. D\u00e4r har nu ocks\u00e5 m\u00e5lnollan spr\u00e4ckts.<\/p>\n<p>I CHL-matchen mot Mountfield tog det mindre \u00e4n tre minuter innan 19-\u00e5ringen skickade in 1-0. Hans f\u00f6rsta m\u00e5l i Bryn\u00e4s. Ett par minuter senare kom \u00e4ven 2-0 n\u00e4r <a href=\"https:\/\/hockeysverige.se\/spelare\/oskar-lindblom\/\" rel=\"nofollow noopener\" target=\"_blank\">Oskar Lindblom<\/a> hittade n\u00e4tet.<\/p>\n<p>Lucas Pettersson draftades som spelare nummer 35 av Anaheim f\u00f6r lite mer \u00e4n ett \u00e5r sedan. F\u00f6rra s\u00e4songen var han f\u00f6r det mesta utl\u00e5nad till \u00d6stersund i <a href=\"https:\/\/hockeysverige.se\/hockeyallsvenskan\/\" rel=\"nofollow noopener\" target=\"_blank\">Hockeyallsvenskan<\/a> d\u00e4r det blev 19 po\u00e4ng p\u00e5 26 matcher.<\/p>\n<p>I den andra perioden klev <a href=\"https:\/\/hockeysverige.se\/spelare\/jack-kopacka\/\" rel=\"nofollow noopener\" target=\"_blank\">Jack Kopacka<\/a> fram och ut\u00f6kade ledningen till 3-0. Anton R\u00f6din satte sedan 4-0 i tom kasse innan Linus \u00d6lund fullbordade krossen med ett 5-0-m\u00e5l med 20 sekunder kvar att spela.<\/p>\n<p>Bryn\u00e4s f\u00f6rlorade den f\u00f6rsta matchen i CHL men kom nu allts\u00e5 tillbaka till vinnarsp\u00e5ret i och med segern mot Mountfield.<\/p>\n<p> Source: <a href=\"https:\/\/www.eliteprospects.com\/player\/714960\/lucas-pettersson\" target=\"_blank\" rel=\"noopener noreferrer nofollow\">Lucas Pettersson<\/a> @ Elite Prospects<\/p>\n","protected":false},"excerpt":{"rendered":"Lucas Pettersson har gjort sitt f\u00f6rsta m\u00e5l f\u00f6r Bryn\u00e4s. Det var i 5-0-segern i CHL-matchen mot Mountfield som&hellip;\n","protected":false},"author":2,"featured_media":18383,"comment_status":"","ping_status":"","sticky":false,"template":"","format":"standard","meta":{"footnotes":""},"categories":[5],"tags":[22,23,1940,26,27,17,21,24,25,28,29,15,16,18,34,31,33,32,30,355,19,379,20],"class_list":{"0":"post-18382","1":"post","2":"type-post","3":"status-publish","4":"format-standard","5":"has-post-thumbnail","7":"category-rubriker","8":"tag-breaking-news","9":"tag-breakingnews","10":"tag-champions-hockey-league","11":"tag-featured-news","12":"tag-featurednews","13":"tag-headlines","14":"tag-huvudnyheter","15":"tag-latest-news","16":"tag-latestnews","17":"tag-main-news","18":"tag-mainnews","19":"tag-news","20":"tag-nyheter","21":"tag-rubriker","22":"tag-se","23":"tag-svenska","24":"tag-sverige","25":"tag-sweden","26":"tag-swedish","27":"tag-talang","28":"tag-top-stories","29":"tag-top-article","30":"tag-topstories"},"share_on_mastodon":{"url":"","error":""},"_links":{"self":[{"href":"https:\/\/www.europesays.com\/se\/wp-json\/wp\/v2\/posts\/18382","targetHints":{"allow":["GET"]}}],"collection":[{"href":"https:\/\/www.europesays.com\/se\/wp-json\/wp\/v2\/posts"}],"about":[{"href":"https:\/\/www.europesays.com\/se\/wp-json\/wp\/v2\/types\/post"}],"author":[{"embeddable":true,"href":"https:\/\/www.europesays.com\/se\/wp-json\/wp\/v2\/users\/2"}],"replies":[{"embeddable":true,"href":"https:\/\/www.europesays.com\/se\/wp-json\/wp\/v2\/comments?post=18382"}],"version-history":[{"count":0,"href":"https:\/\/www.europesays.com\/se\/wp-json\/wp\/v2\/posts\/18382\/revisions"}],"wp:featuredmedia":[{"embeddable":true,"href":"https:\/\/www.europesays.com\/se\/wp-json\/wp\/v2\/media\/18383"}],"wp:attachment":[{"href":"https:\/\/www.europesays.com\/se\/wp-json\/wp\/v2\/media?parent=18382"}],"wp:term":[{"taxonomy":"category","embeddable":true,"href":"https:\/\/www.europesays.com\/se\/wp-json\/wp\/v2\/categories?post=18382"},{"taxonomy":"post_tag","embeddable":true,"href":"https:\/\/www.europesays.com\/se\/wp-json\/wp\/v2\/tags?post=18382"}],"curies":[{"name":"wp","href":"https:\/\/api.w.org\/{rel}","templated":true}]}}