{"id":18413,"date":"2025-08-31T19:02:09","date_gmt":"2025-08-31T19:02:09","guid":{"rendered":"https:\/\/www.europesays.com\/se\/18413\/"},"modified":"2025-08-31T19:02:09","modified_gmt":"2025-08-31T19:02:09","slug":"gais-vann-derbyt-narmar-sig-europaplatserna","status":"publish","type":"post","link":"https:\/\/www.europesays.com\/se\/18413\/","title":{"rendered":"Gais vann derbyt \u2013 n\u00e4rmar sig Europaplatserna"},"content":{"rendered":"<p>Gais besegrade H\u00e4cken i s\u00f6ndagens G\u00f6teborgsderby. Det \u00e4r andra g\u00e5ngen den h\u00e4r s\u00e4songen som det gr\u00f6nsvarta laget besegrar rivalen fr\u00e5n Hisingen. Matchen slutade 2\u20131 efter att stj\u00e4rnspelarna Amin Boudri och Gustav Lundgren gjort m\u00e5l f\u00f6r hemmalaget. H\u00e4cken reducerade med tio minuter kvar men kunde inte v\u00e4nda matchen. <\/p>\n<p>\u2013 Det \u00e4r otroligt sk\u00f6nt, s\u00e4ger Lundgren i HBO Max-s\u00e4ndningen efter segern. <\/p>\n<p>Gais inkasserar tre nya po\u00e4ng och har nu bara tv\u00e5 po\u00e4ng upp till tredjeplatsen som inneb\u00e4r kvalspel till Europa n\u00e4sta s\u00e4song. <\/p>\n<p>Omni \u00e4r politiskt obundna och oberoende. Vi str\u00e4var efter att ge fler perspektiv p\u00e5 nyheterna. Har du fr\u00e5gor eller synpunkter kring v\u00e5r rapportering? <a href=\"https:\/\/omni.se\/gais-vann-derbyt-narmar-sig-europaplatserna\/a\/mailto:redaktion@omni.se\" class=\"ArticleActions_contactLink__W2F1M\" rel=\"nofollow noopener\" target=\"_blank\">Kontakta redaktionen<\/a><\/p>\n","protected":false},"excerpt":{"rendered":"Gais besegrade H\u00e4cken i s\u00f6ndagens G\u00f6teborgsderby. Det \u00e4r andra g\u00e5ngen den h\u00e4r s\u00e4songen som det gr\u00f6nsvarta laget besegrar&hellip;\n","protected":false},"author":2,"featured_media":18414,"comment_status":"","ping_status":"","sticky":false,"template":"","format":"standard","meta":{"footnotes":""},"categories":[5],"tags":[1555,22,23,26,27,138,1110,17,21,24,25,28,29,15,16,18,34,31,33,32,30,19,20],"class_list":{"0":"post-18413","1":"post","2":"type-post","3":"status-publish","4":"format-standard","5":"has-post-thumbnail","7":"category-rubriker","8":"tag-bk-hacken","9":"tag-breaking-news","10":"tag-breakingnews","11":"tag-featured-news","12":"tag-featurednews","13":"tag-fotboll","14":"tag-gais","15":"tag-headlines","16":"tag-huvudnyheter","17":"tag-latest-news","18":"tag-latestnews","19":"tag-main-news","20":"tag-mainnews","21":"tag-news","22":"tag-nyheter","23":"tag-rubriker","24":"tag-se","25":"tag-svenska","26":"tag-sverige","27":"tag-sweden","28":"tag-swedish","29":"tag-top-stories","30":"tag-topstories"},"share_on_mastodon":{"url":"","error":""},"_links":{"self":[{"href":"https:\/\/www.europesays.com\/se\/wp-json\/wp\/v2\/posts\/18413","targetHints":{"allow":["GET"]}}],"collection":[{"href":"https:\/\/www.europesays.com\/se\/wp-json\/wp\/v2\/posts"}],"about":[{"href":"https:\/\/www.europesays.com\/se\/wp-json\/wp\/v2\/types\/post"}],"author":[{"embeddable":true,"href":"https:\/\/www.europesays.com\/se\/wp-json\/wp\/v2\/users\/2"}],"replies":[{"embeddable":true,"href":"https:\/\/www.europesays.com\/se\/wp-json\/wp\/v2\/comments?post=18413"}],"version-history":[{"count":0,"href":"https:\/\/www.europesays.com\/se\/wp-json\/wp\/v2\/posts\/18413\/revisions"}],"wp:featuredmedia":[{"embeddable":true,"href":"https:\/\/www.europesays.com\/se\/wp-json\/wp\/v2\/media\/18414"}],"wp:attachment":[{"href":"https:\/\/www.europesays.com\/se\/wp-json\/wp\/v2\/media?parent=18413"}],"wp:term":[{"taxonomy":"category","embeddable":true,"href":"https:\/\/www.europesays.com\/se\/wp-json\/wp\/v2\/categories?post=18413"},{"taxonomy":"post_tag","embeddable":true,"href":"https:\/\/www.europesays.com\/se\/wp-json\/wp\/v2\/tags?post=18413"}],"curies":[{"name":"wp","href":"https:\/\/api.w.org\/{rel}","templated":true}]}}