{"id":18420,"date":"2025-08-31T19:19:18","date_gmt":"2025-08-31T19:19:18","guid":{"rendered":"https:\/\/www.europesays.com\/se\/18420\/"},"modified":"2025-08-31T19:19:18","modified_gmt":"2025-08-31T19:19:18","slug":"trump-foreslas-fa-fredspriset-paminner-om-nordkorea","status":"publish","type":"post","link":"https:\/\/www.europesays.com\/se\/18420\/","title":{"rendered":"Trump f\u00f6resl\u00e5s f\u00e5 fredspriset: \u201dP\u00e5minner om Nordkorea\u201d"},"content":{"rendered":"<p>Donald Trump vill ha Nobels fredspris \u2013 och det vill hans inre krets ocks\u00e5 att han ska f\u00e5.<\/p>\n<p>Enligt experten Dag Blanck \u00e4r deras smicker \u201dexceptionellt\u201d.<\/p>\n<p>\u2013 Det p\u00e5minner n\u00e4stan om Nordkorea, s\u00e4ger han i <a href=\"https:\/\/www.sverigesradio.se\/artikel\/experten-om-trumps-fredspris-iver-en-obama-effekt\" rel=\"nofollow noopener\" target=\"_blank\">P1<\/a>.<\/p>\n<p>Senaste klippen om Trump-administrationen.<img   alt=\"\"\/><\/p>\n<p>Kabinettsm\u00f6te i Vita huset tidigare i veckan.<\/p>\n<p>Foto: AARON SCHWARTZ &#8211; POOL VIA CNP \/ STELLA PICTURES\/ZUMA PRESS ZUMA PRESS<\/p>\n<p>\u00d6ppna bild i helsk\u00e4rm<img loading=\"lazy\"   alt=\"\"\/><\/p>\n<p>Stefe Witkoff, USA:s s\u00e4rskilda s\u00e4ndebud i Mellan\u00f6stern, som ocks\u00e5 har varit ansvarig f\u00f6r f\u00f6rhandlingar med Putin.<\/p>\n<p>Foto: ALEX BRANDON \/ AP TT NYHETSBYR\u00c5N<\/p>\n<p>\u00d6ppna bild i helsk\u00e4rm<img loading=\"lazy\"   alt=\"\"\/> <\/p>\n<p>Foto: AARON SCHWARTZ &#8211; POOL VIA CNP \/ STELLA PICTURES\/ZUMA PRESS ZUMA PRESS<\/p>\n<p>\u00d6ppna bild i helsk\u00e4rm<\/p>\n<p>Flera l\u00e4nder har nominerat <a href=\"https:\/\/www.expressen.se\/tagg\/person\/donald-trump\/\" class=\"\" rel=\"nofollow noopener\" target=\"_blank\">Donald Trump<\/a> till Nobels fredspris 2026.<\/p>\n<p>Bland annat Pakistan, Israel och Kambodja.<\/p>\n<p>\u00c4ven i de egna leden har det h\u00f6jts r\u00f6ster f\u00f6r att Trump borde f\u00e5 priset. Till exempel <a href=\"https:\/\/www.expressen.se\/nyheter\/varlden\/bildt-kritiserar-vita-huset-bara-trump-smicker\/\" rel=\"nofollow noopener\" target=\"_blank\">fr\u00e5n Vita husets pressekreterare Karoline Leavitt<\/a>, n\u00e5got som Sveriges f\u00f6re detta statsminister och utrikesminister Carl Bildt har kommenterat med att \u201dsmicker \u00e4r vad som g\u00e4ller d\u00e4r borta\u201d.<\/p>\n<p>Witkoffs enorma hyllning till Trump<\/p>\n<p>I veckan kom samma f\u00f6rslag fr\u00e5n USA:s s\u00e4rskilda s\u00e4ndebud Steve Witkoff.<\/p>\n<p>\u2013 Jag \u00f6nskar bara en sak och det \u00e4r att Nobelkommitt\u00e9n till slut tar sig samman och inser att du \u00e4r den enskilt b\u00e4sta kandidaten sen det b\u00f6rjade pratas om Nobelpriset, sa han till sin president under ett kabinettsm\u00f6te \u2013 och m\u00f6ttes av appl\u00e5der.<\/p>\n<p><a href=\"https:\/\/www.theguardian.com\/us-news\/2025\/aug\/31\/trump-american-autocracy-authoritarianism\" rel=\"nofollow noopener\" target=\"_blank\">The Guardians Andrew Roth<\/a> skriver i en analys att detta \u00e4r en typ av ber\u00f6m som till och med skulle f\u00e5 Vladimir Putin att rodna.<\/p>\n<p>Och Dag Blanck, professor i nordamerikastudier vid Uppsala universitet, s\u00e4ger i <a href=\"https:\/\/www.sverigesradio.se\/godmorgon-varlden\" rel=\"nofollow noopener\" target=\"_blank\">Sveriges radio P1:s \u201dGodmorgon v\u00e4rlden\u201d<\/a> att den h\u00e4r typen av smicker inte h\u00f6r till vanligheterna.<\/p>\n<p>Experten: \u201d\u00c4r exceptionellt\u201d<\/p>\n<p>\u2013 Man \u00e4r naturligtvis artig mot sin president, och det h\u00e4r var ju hans ministrar som satt runt bordet, men att prisa honom p\u00e5 det h\u00e4r s\u00e4ttet \u00e4r exceptionellt. Det p\u00e5minner n\u00e4stan om Nordkorea.<\/p>\n<p>Enligt Dag Blanck dr\u00f6mmer Trump om att f\u00e5 fredspriset eftersom hans f\u00f6re detta f\u00f6retr\u00e4dare Barack Obama fick det. Det var 2009, d\u00e5 Obama hade innehaft presidentposten i bara n\u00e5gra m\u00e5nader.<\/p>\n<p>\u2013 Att Trump lyckades vinna igen och komma tillbaka betyder att han kommer att s\u00e4tta ett ordentligt avtryck i amerikansk historia, och d\u00e5 blir efterm\u00e4let v\u00e4ldigt viktigt, s\u00e4ger professorn i \u201dGodmorgon v\u00e4rlden\u201d.<\/p>\n","protected":false},"excerpt":{"rendered":"Donald Trump vill ha Nobels fredspris \u2013 och det vill hans inre krets ocks\u00e5 att han ska f\u00e5.&hellip;\n","protected":false},"author":2,"featured_media":18421,"comment_status":"","ping_status":"","sticky":false,"template":"","format":"standard","meta":{"footnotes":""},"categories":[12],"tags":[22,23,26,27,17,21,24,25,28,29,15,276,16,1022,2343,198,18,34,55,31,33,32,30,19,204,20],"class_list":{"0":"post-18420","1":"post","2":"type-post","3":"status-publish","4":"format-standard","5":"has-post-thumbnail","7":"category-sverige","8":"tag-breaking-news","9":"tag-breakingnews","10":"tag-featured-news","11":"tag-featurednews","12":"tag-headlines","13":"tag-huvudnyheter","14":"tag-latest-news","15":"tag-latestnews","16":"tag-main-news","17":"tag-mainnews","18":"tag-news","19":"tag-newsstory-kriget-i-ukraina","20":"tag-nyheter","21":"tag-organization-nobelpriset","22":"tag-person-barack-obama","23":"tag-person-donald-trump","24":"tag-rubriker","25":"tag-se","26":"tag-sections-varlden","27":"tag-svenska","28":"tag-sverige","29":"tag-sweden","30":"tag-swedish","31":"tag-top-stories","32":"tag-topic-amerikansk-politik","33":"tag-topstories"},"share_on_mastodon":{"url":"","error":""},"_links":{"self":[{"href":"https:\/\/www.europesays.com\/se\/wp-json\/wp\/v2\/posts\/18420","targetHints":{"allow":["GET"]}}],"collection":[{"href":"https:\/\/www.europesays.com\/se\/wp-json\/wp\/v2\/posts"}],"about":[{"href":"https:\/\/www.europesays.com\/se\/wp-json\/wp\/v2\/types\/post"}],"author":[{"embeddable":true,"href":"https:\/\/www.europesays.com\/se\/wp-json\/wp\/v2\/users\/2"}],"replies":[{"embeddable":true,"href":"https:\/\/www.europesays.com\/se\/wp-json\/wp\/v2\/comments?post=18420"}],"version-history":[{"count":0,"href":"https:\/\/www.europesays.com\/se\/wp-json\/wp\/v2\/posts\/18420\/revisions"}],"wp:featuredmedia":[{"embeddable":true,"href":"https:\/\/www.europesays.com\/se\/wp-json\/wp\/v2\/media\/18421"}],"wp:attachment":[{"href":"https:\/\/www.europesays.com\/se\/wp-json\/wp\/v2\/media?parent=18420"}],"wp:term":[{"taxonomy":"category","embeddable":true,"href":"https:\/\/www.europesays.com\/se\/wp-json\/wp\/v2\/categories?post=18420"},{"taxonomy":"post_tag","embeddable":true,"href":"https:\/\/www.europesays.com\/se\/wp-json\/wp\/v2\/tags?post=18420"}],"curies":[{"name":"wp","href":"https:\/\/api.w.org\/{rel}","templated":true}]}}