{"id":184264,"date":"2026-03-07T15:51:37","date_gmt":"2026-03-07T15:51:37","guid":{"rendered":"https:\/\/www.europesays.com\/se\/184264\/"},"modified":"2026-03-07T15:51:37","modified_gmt":"2026-03-07T15:51:37","slug":"israels-premiarminister-netanyahu-har-stravat-efter-kriget-mot-i-iran-i-40-ar","status":"publish","type":"post","link":"https:\/\/www.europesays.com\/se\/184264\/","title":{"rendered":"Israels premi\u00e4rminister Netanyahu har str\u00e4vat efter kriget mot i Iran i 40 \u00e5r"},"content":{"rendered":"<p>Arne Lapidus<\/p>\n<p>Publicerad 7 mar 2026 kl 08.59Uppdaterad kl 10.26<\/p>\n<p>Det h\u00e4r \u00e4r Benjamin Netanyahus krig.<\/p>\n<p>Han har str\u00e4vat efter att krossa \u201dterrorregimen i Iran\u201d i 40 \u00e5r, s\u00e4ger han sj\u00e4lv \u2013 och har massivt st\u00f6d av det israeliska folket.<\/p>\n<p>Israels premi\u00e4rminister \u00e4r antingen hatad eller \u00e4lskad p\u00e5 hemmaplan, men i den h\u00e4r fr\u00e5gan tycker ocks\u00e5 hans fiender att han har r\u00e4tt.<\/p>\n<p><img   alt=\"\"\/><\/p>\n<p>Benjamin Netanyahu bes\u00f6ker den israeliska flygbasen Palmachim. Omgiven av f\u00f6rsvarsminister Yisrael Katz (till v\u00e4nster) och \u00d6B Eyal Zamir.<\/p>\n<p>Foto: MAAYAN TOAF \/ GPO \/ POLARIS<\/p>\n<p>\u00d6ppna bild i helsk\u00e4rm<img loading=\"lazy\"   alt=\"\"\/><\/p>\n<p>Netanyahu och Trump.<\/p>\n<p>Foto: ALEX BRANDON  \/AP\/TT \/ AP TT NYHETSBYR\u00c5N<\/p>\n<p>\u00d6ppna bild i helsk\u00e4rm<\/p>\n<p>Detta \u00e4r en kr\u00f6nika. Analys och st\u00e4llningstaganden \u00e4r skribentens.&#13;<br \/>\n &#13;\n<\/p>\n<p><img   alt=\"\"\/>Arne Lapidus<\/p>\n<p>Kriget mot Iran \u00e4r en dr\u00f6m som g\u00e5r i uppfyllelse f\u00f6r <a href=\"https:\/\/www.expressen.se\/tagg\/location\/israel\/\" class=\"\" rel=\"nofollow noopener\" target=\"_blank\">Israels<\/a> premi\u00e4rminister Benjamin Netanyahu. Han har i 40 \u00e5r varnat f\u00f6r ayatollornas regim i Iran som ett d\u00f6dligt hot mot Israel.<\/p>\n<p><strong>Det \u00e4r inte s\u00e5 att han n\u00f6dv\u00e4ndigtvis har fel i detta. Tv\u00e4rtom, de islamistiska ledarna i Iran har i alla \u00e5r utslungat v\u00e5ldsamma hotelser mot Israel och manat till utpl\u00e5ning av den judiska staten. Och samtidigt byggt upp en formidabel milit\u00e4r kapacitet som gjort landet till en regional stormakt \u2013 p\u00e5 tr\u00f6skeln till k\u00e4rnvapen, enligt m\u00e5nga bed\u00f6mare.<\/strong><\/p>\n<p>Iran har ocks\u00e5 bev\u00e4pnat och st\u00f6tt terrorgrupper som Hamas, Hizbollah och andra i Mellan\u00f6stern.<\/p>\n<p>Det \u00e4r inte heller sj\u00e4lvklart s\u00e5 att Netanyahu har lurat in Donald Trump i detta \u00e4ventyr, som m\u00e5nga kritiker p\u00e5st\u00e5r. S\u00e5 korkad \u00e4r naturligtvis inte den cyniske Trump som ocks\u00e5 han l\u00e4nge varit medveten om hotet fr\u00e5n Iran.<\/p>\n<p>Men genom sin ih\u00e4rdighet och sin v\u00e4ltalighet har Netanyahu berett v\u00e4gen f\u00f6r det p\u00e5g\u00e5ende kriget. Han har byggt sin politiska karri\u00e4r just p\u00e5 kampen mot terrorismen och hotet fr\u00e5n Iran. Redan f\u00f6r 40 \u00e5r sedan skrev han en internationell b\u00e4sts\u00e4ljare om vikten av att sl\u00e5 till mot terrorismen, den f\u00f6ljdes av flera.\u00a0<\/p>\n<p><strong>Han framtr\u00e4dde st\u00e4ndigt i internationella medier och har p\u00e5 senare \u00e5r h\u00e5llit tal i amerikanska kongressen om detta \u00e4mne. Genom att sl\u00e5 igenom utomlands blev han ocks\u00e5 k\u00e4nd i Israel och premi\u00e4rminister f\u00f6rsta g\u00e5ngen redan 1996.<\/strong><\/p>\n<p>Netanyahu s\u00e4ger att Iran \u201dst\u00e5r f\u00f6r 95 procent av alla problem i Mellan\u00f6stern\u201d. M\u00e5nga israeler brukar ha en sund skepsis till sanningshalten i premi\u00e4rministerns uttalanden. Hans politiska fiender anser att han \u00e4r en samvetsl\u00f6s l\u00f6gnare, medan de minst lika m\u00e5nga som hyllar honom ser hans uttalanden som Guds ord p\u00e5 Sinai berg.<\/p>\n<p>Men i kriget mot Iran har han hela folket med sig. Hela 93 procent av alla israeliska judar \u00e4r f\u00f6r kriget, <a href=\"https:\/\/en.idi.org.il\/articles\/63617?ct=t(EMAIL_CAMPAIGN_3_11_2021_16_7_COPY_03)\" rel=\"nofollow noopener\" target=\"_blank\">enligt en ny m\u00e4tning<\/a>. Bland israeliska araber, allts\u00e5 palestinier med israeliskt medborgarskap \u00e4r siffran 26 procent. S\u00e5 sammantaget st\u00f6ttar 82 procent av israelerna kriget.<\/p>\n<p>\u2013 Vi befinner oss i ett krig d\u00e4r vi som aldrig tidigare s\u00e4tter in den israeliska f\u00f6rsvarsmakten i striderna f\u00f6r att s\u00e4kerst\u00e4lla v\u00e5r existens och v\u00e5r framtid. Vi har ocks\u00e5 med oss USA, min v\u00e4n president Donald Trump och den amerikanska milit\u00e4ren \u2026 Denna koalition av styrkor l\u00e5ter oss g\u00f6ra vad jag har str\u00e4vat efter i 40 \u00e5r: sl\u00e5 till v\u00e5ldsamt mot terrorregimen, sade han redan krigets f\u00f6rsta dag.<\/p>\n<blockquote><p>\u201d\u00c4lskat att hata\u201d<\/p><\/blockquote>\n<p>Ocks\u00e5 hans m\u00e5nga kritiker i israeliska medier uttrycker nu ov\u00e4ntad f\u00f6rst\u00e5else f\u00f6r premi\u00e4rministern som de tidigare \u00e4lskat att hata. Bland dem Nahum Barnea, den respekterade veteranen bland Israels politiska kommentatorer som befinner sig p\u00e5 v\u00e4nsterkanten.<\/p>\n<p><img loading=\"lazy\"   alt=\"\"\/><\/p>\n<p>Benjamin Netanyahu i det israeliska parlamentet, knesset.<\/p>\n<p>Foto: DEBBIE HILL\/UPI\/SHUTTERSTOCK \/IBL<\/p>\n<p>\u00d6ppna bild i helsk\u00e4rm<img loading=\"lazy\"   alt=\"\"\/><\/p>\n<p>R\u00f6k i Tehran efter USA:s och Israels attacker.<\/p>\n<p>Foto: VAHID SALEMI  \/AP\/TT \/ AP TT NYHETSBYR\u00c5N<\/p>\n<p>\u00d6ppna bild i helsk\u00e4rm<img loading=\"lazy\"   alt=\"\"\/><\/p>\n<p>Israels premi\u00e4rminister Benjamin Netanyahu har varnat f\u00f6r hotet fr\u00e5n Iran i 40 \u00e5r.<\/p>\n<p>Foto: DEBBIE HILL\/UPI\/SHUTTERSTOCK \/IBL<\/p>\n<p>\u00d6ppna bild i helsk\u00e4rm<\/p>\n<p>Under rubriken \u201dKan det vara s\u00e5 att Netanyahu har r\u00e4tt?\u201d skriver han i den ledande tidningen Yediot Ahronot och p\u00e5 dess nyhetssajt Ynet:<\/p>\n<p>Annons<\/p>\n<p><strong>\u201dKan det vara s\u00e5 att dessa tv\u00e5 irriterande personer som f\u00f6rtj\u00e4nar alla misstankar, Trump och Netanyahu, har r\u00e4tt den h\u00e4r g\u00e5ngen? Kan attacken mot Iran till uth\u00e4rdlig kostnad leda till ett f\u00f6rsvagat Iran, f\u00f6rsjunket i inrikes problem och med starkt minskad kraft att skada Israel?\u201d<\/strong><\/p>\n<p><strong>Han till\u00e4gger att <\/strong><strong>\u201dibland fattar d\u00e5liga politiker bra beslut\u201d.<\/strong><\/p>\n<p>S\u00e5dana synpunkter h\u00f6rs \u00f6verallt i Israel i dag. N\u00e4stan alla jag talat med \u2013 p\u00e5 gator, och torg, i skyddsrum och p\u00e5 platser d\u00e4r iranska robotar slagit ned med d\u00f6dlig utg\u00e5ng \u2013 s\u00e4ger att kriget \u00e4r v\u00e4rt priset om det leder till regimskifte i Iran.<\/p>\n<p>Det \u00e4r v\u00e4rt allt springande till skyddsrum, s\u00e4ger folk. \u00c5tminstone s\u00e5 l\u00e4nge d\u00f6dssiffran i Israel, hittills tio m\u00e4nniskor, \u00e4r s\u00e5 pass m\u00e5ttlig. Och s\u00e5 l\u00e4nge antalet robotar fr\u00e5n Iran minskar, det r\u00f6r sig om ett 20-tal om dagen just nu. Till skillnad fr\u00e5n runt 100 krigets f\u00f6rsta dagar.<\/p>\n<p>F\u00f6re krigsutbrottet hade Netanyahu d\u00e5liga opinionssiffror. Han skulle f\u00f6rlora \u00e5ret val, enligt alla m\u00e4tningar. Den korruptionsanklagade premi\u00e4rministern pekas av oppositionen ut som huvudansvarig f\u00f6r fiaskot den 7 oktober 2023 d\u00e5 Hamas \u00f6verrumplade Israel med sin terrorattack.<\/p>\n<p>Men ett \u201dframg\u00e5ngsrikt\u201d krig kan nu komma att r\u00e4dda honom politiskt.<\/p>\n<p><img loading=\"lazy\"   alt=\"\"\/><\/p>\n<p>Arne Lapidus p\u00e5 plats i Tel Aviv.<\/p>\n<p>\u00d6ppna bild i helsk\u00e4rm<strong>L\u00c4S MER: <\/strong><a href=\"https:\/\/www.expressen.se\/kronikorer\/arne-lapidus\/riktade-mord-ingar-i-usas-och-israels-strategi\/\" class=\"\" rel=\"nofollow noopener\" target=\"_blank\">Riktade mord ing\u00e5r i USA:s och Israels strategi<\/a><strong>L\u00c4S MER: <\/strong><a href=\"https:\/\/www.expressen.se\/nyheter\/varlden\/nya-flyganfall-i-beirut-massflykt-ur-staden-\/\" class=\"\" rel=\"nofollow noopener\" target=\"_blank\">Nya flyganfall i Beirut \u2013 massflykt ur staden<\/a><strong>L\u00c4S MER: <\/strong><a href=\"https:\/\/www.expressen.se\/kronikorer\/arne-lapidus\/en-fanatisk-pragmatiker-som--ledde-sitt-land-till-katastrof\/\" class=\"\" rel=\"nofollow noopener\" target=\"_blank\">En fanatisk pragmatiker som  ledde sitt land till katastrof<\/a><\/p>\n","protected":false},"excerpt":{"rendered":"Arne Lapidus Publicerad 7 mar 2026 kl 08.59Uppdaterad kl 10.26 Det h\u00e4r \u00e4r Benjamin Netanyahus krig. Han har&hellip;\n","protected":false},"author":2,"featured_media":184265,"comment_status":"","ping_status":"","sticky":false,"template":"","format":"standard","meta":{"footnotes":"","_share_on_mastodon":"0"},"categories":[5],"tags":[22,23,26,27,17,21,24,25,971,58,28,29,15,16,1806,11712,1360,198,18,34,15572,31,33,32,30,19,20],"class_list":["post-184264","post","type-post","status-publish","format-standard","has-post-thumbnail","category-rubriker","tag-breaking-news","tag-breakingnews","tag-featured-news","tag-featurednews","tag-headlines","tag-huvudnyheter","tag-latest-news","tag-latestnews","tag-location-iran","tag-location-israel","tag-main-news","tag-mainnews","tag-news","tag-nyheter","tag-organization-hamas","tag-organization-hizbollah","tag-person-benjamin-netanyahu","tag-person-donald-trump","tag-rubriker","tag-se","tag-sections-arnelapidus","tag-svenska","tag-sverige","tag-sweden","tag-swedish","tag-top-stories","tag-topstories"],"share_on_mastodon":{"url":"https:\/\/pubeurope.com\/@se\/116188694712604501","error":""},"_links":{"self":[{"href":"https:\/\/www.europesays.com\/se\/wp-json\/wp\/v2\/posts\/184264","targetHints":{"allow":["GET"]}}],"collection":[{"href":"https:\/\/www.europesays.com\/se\/wp-json\/wp\/v2\/posts"}],"about":[{"href":"https:\/\/www.europesays.com\/se\/wp-json\/wp\/v2\/types\/post"}],"author":[{"embeddable":true,"href":"https:\/\/www.europesays.com\/se\/wp-json\/wp\/v2\/users\/2"}],"replies":[{"embeddable":true,"href":"https:\/\/www.europesays.com\/se\/wp-json\/wp\/v2\/comments?post=184264"}],"version-history":[{"count":0,"href":"https:\/\/www.europesays.com\/se\/wp-json\/wp\/v2\/posts\/184264\/revisions"}],"wp:featuredmedia":[{"embeddable":true,"href":"https:\/\/www.europesays.com\/se\/wp-json\/wp\/v2\/media\/184265"}],"wp:attachment":[{"href":"https:\/\/www.europesays.com\/se\/wp-json\/wp\/v2\/media?parent=184264"}],"wp:term":[{"taxonomy":"category","embeddable":true,"href":"https:\/\/www.europesays.com\/se\/wp-json\/wp\/v2\/categories?post=184264"},{"taxonomy":"post_tag","embeddable":true,"href":"https:\/\/www.europesays.com\/se\/wp-json\/wp\/v2\/tags?post=184264"}],"curies":[{"name":"wp","href":"https:\/\/api.w.org\/{rel}","templated":true}]}}