{"id":18433,"date":"2025-08-31T19:41:09","date_gmt":"2025-08-31T19:41:09","guid":{"rendered":"https:\/\/www.europesays.com\/se\/18433\/"},"modified":"2025-08-31T19:41:09","modified_gmt":"2025-08-31T19:41:09","slug":"entreprenor-doms-for-valdtakt-pa-17-aring","status":"publish","type":"post","link":"https:\/\/www.europesays.com\/se\/18433\/","title":{"rendered":"Entrepren\u00f6r d\u00f6ms f\u00f6r v\u00e5ldt\u00e4kt p\u00e5 17-\u00e5ring"},"content":{"rendered":"<p>Publicerad 31 aug 2025 kl 19.29<\/p>\n<p>En entrepren\u00f6r som samarbetat med flera k\u00e4nda personer har d\u00f6mts till tre \u00e5rs f\u00e4ngelse f\u00f6r att ha v\u00e5ldtagit en 17-\u00e5ring i juni i \u00e5r.\u00a0<\/p>\n<p>Mannen var vid tillf\u00e4llet dubbelt s\u00e5 gammal som m\u00e5ls\u00e4ganden.\u00a0<\/p>\n<p>Han nekar till brott och har \u00f6verklagat domen. \u00a0<\/p>\n<p>Nyheter, reportage och analyser i Sverige och i \u00f6vriga v\u00e4rlden.<img   alt=\"\"\/><\/p>\n<p>Brottet begicks i Stockholm.<\/p>\n<p>Foto: PATRIK C \u00d6STERBERG \/ MEDIABILD\/IBL<\/p>\n<p>\u00d6ppna bild i helsk\u00e4rm<\/p>\n<p>En varm juninatt m\u00f6tte den 35-\u00e5rige entrepren\u00f6ren upp tv\u00e5 ton\u00e5rstjejer, 17 och 18 \u00e5r gamla, och tog med dem hem till sin l\u00e4genhet i centrala <a href=\"https:\/\/www.expressen.se\/tagg\/location\/stockholm\/\" class=\"\" rel=\"nofollow noopener\" target=\"_blank\">Stockholm<\/a>. De k\u00e4kade, dansade Tiktok-danser och drack Prosecco.\u00a0<\/p>\n<p>D\u00e5 hade 35-\u00e5ringen tidigare haft kontakt med 18-\u00e5ringen via Instagram och tr\u00e4ffat b\u00e5da ton\u00e5ringarna vid ett par tillf\u00e4llen.\u00a0<\/p>\n<p>De tre personerna, de tv\u00e5 unga kvinnorna och den nu d\u00f6mde 35-\u00e5ringen, har \u00f6vergripande en relativt samst\u00e4mmig bild av vad som h\u00e4nde i b\u00f6rjan av kv\u00e4llen. Vid midnatt l\u00e4mnade de l\u00e4genheten. D\u00e5 hade 35-\u00e5ringen varit naken i l\u00e4genheten och haft sex med 18-\u00e5ringen, han hade kysst 17-\u00e5ringen och smekt hennes br\u00f6st. Meningarna g\u00e5r is\u00e4r kring vad som sker med samtycke och inte.\u00a0<\/p>\n<p>Berusad p\u00e5 gr\u00e4nsen till medvetsl\u00f6s<\/p>\n<p>De tre tog sig till en badplats och naturomr\u00e5de i Stockholm. D\u00e4r skedde v\u00e5ldt\u00e4kten. Medan 18-\u00e5ringen var i telefon, f\u00f6rde entrepren\u00f6ren in sina fingrar i den mycket berusade minder\u00e5riga flickan. Kvinnan var s\u00e5 berusad att hon senare f\u00f6rdes till Maria ungdom, en akutmottagning f\u00f6r personer under 20 \u00e5r. N\u00e4r hon vaknade upp ett par timmar senare gjordes en kontroll av hennes underliv d\u00e4r tydliga skador noterades.\u00a0<\/p>\n<p>I f\u00f6rh\u00f6r uppger mannen f\u00f6rst att det var han som penetrerade flickans underliv med sina fingrar, f\u00f6r att sedan \u00e4ndra sin historia och s\u00e4ga att det var flickan sj\u00e4lv som onanerat framf\u00f6r honom.\u00a0<\/p>\n<p>Det nekar flickan till och r\u00e4tten finner att hennes beskrivning av h\u00e4ndelsef\u00f6rloppet som trov\u00e4rdig och i linje med vad kompisen ocks\u00e5 uppger.\u00a0<\/p>\n<p>Mannen d\u00f6ms till tre \u00e5rs f\u00e4ngelse, men har \u00f6verklagat domen. Han f\u00f6rnekar brott g\u00e4llande v\u00e5ldt\u00e4ktsanklagelserna.\u00a0<\/p>\n<p>Den 35-\u00e5rige entrepren\u00f6ren \u00e4r medgrundare till ett framg\u00e5ngsrikt bolag med f\u00f6rs\u00e4ljning i flera olika l\u00e4nder \u2013 inte minst i USA.\u00a0<\/p>\n<p>F\u00f6retaget har samarbetat med flera Hollywood-sk\u00e5disar och svenska k\u00e4ndisar.\u00a0<\/p>\n","protected":false},"excerpt":{"rendered":"Publicerad 31 aug 2025 kl 19.29 En entrepren\u00f6r som samarbetat med flera k\u00e4nda personer har d\u00f6mts till tre&hellip;\n","protected":false},"author":2,"featured_media":18434,"comment_status":"","ping_status":"","sticky":false,"template":"","format":"standard","meta":{"footnotes":""},"categories":[12],"tags":[22,23,26,27,17,21,24,25,135,28,29,15,16,18,34,666,31,33,32,30,19,1242,20],"class_list":{"0":"post-18433","1":"post","2":"type-post","3":"status-publish","4":"format-standard","5":"has-post-thumbnail","7":"category-sverige","8":"tag-breaking-news","9":"tag-breakingnews","10":"tag-featured-news","11":"tag-featurednews","12":"tag-headlines","13":"tag-huvudnyheter","14":"tag-latest-news","15":"tag-latestnews","16":"tag-location-stockholm","17":"tag-main-news","18":"tag-mainnews","19":"tag-news","20":"tag-nyheter","21":"tag-rubriker","22":"tag-se","23":"tag-sections-krim","24":"tag-svenska","25":"tag-sverige","26":"tag-sweden","27":"tag-swedish","28":"tag-top-stories","29":"tag-topic-sexualbrott","30":"tag-topstories"},"share_on_mastodon":{"url":"","error":""},"_links":{"self":[{"href":"https:\/\/www.europesays.com\/se\/wp-json\/wp\/v2\/posts\/18433","targetHints":{"allow":["GET"]}}],"collection":[{"href":"https:\/\/www.europesays.com\/se\/wp-json\/wp\/v2\/posts"}],"about":[{"href":"https:\/\/www.europesays.com\/se\/wp-json\/wp\/v2\/types\/post"}],"author":[{"embeddable":true,"href":"https:\/\/www.europesays.com\/se\/wp-json\/wp\/v2\/users\/2"}],"replies":[{"embeddable":true,"href":"https:\/\/www.europesays.com\/se\/wp-json\/wp\/v2\/comments?post=18433"}],"version-history":[{"count":0,"href":"https:\/\/www.europesays.com\/se\/wp-json\/wp\/v2\/posts\/18433\/revisions"}],"wp:featuredmedia":[{"embeddable":true,"href":"https:\/\/www.europesays.com\/se\/wp-json\/wp\/v2\/media\/18434"}],"wp:attachment":[{"href":"https:\/\/www.europesays.com\/se\/wp-json\/wp\/v2\/media?parent=18433"}],"wp:term":[{"taxonomy":"category","embeddable":true,"href":"https:\/\/www.europesays.com\/se\/wp-json\/wp\/v2\/categories?post=18433"},{"taxonomy":"post_tag","embeddable":true,"href":"https:\/\/www.europesays.com\/se\/wp-json\/wp\/v2\/tags?post=18433"}],"curies":[{"name":"wp","href":"https:\/\/api.w.org\/{rel}","templated":true}]}}