{"id":184370,"date":"2026-03-07T18:42:08","date_gmt":"2026-03-07T18:42:08","guid":{"rendered":"https:\/\/www.europesays.com\/se\/184370\/"},"modified":"2026-03-07T18:42:08","modified_gmt":"2026-03-07T18:42:08","slug":"brandsta-city-slackers-olles-svara-smartor","status":"publish","type":"post","link":"https:\/\/www.europesays.com\/se\/184370\/","title":{"rendered":"Brandsta city sl\u00e4ckers Olles sv\u00e5ra sm\u00e4rtor"},"content":{"rendered":"<p>Publicerad 7 mar 2026 kl 16.15Uppdaterad kl 17.11<\/p>\n<p>Bransta city sl\u00e4ckers keyboardist Olle drabbades nyligen av akut gikt. L\u00e4kare tvingades  t\u00f6mma hans ena ben p\u00e5 v\u00e4tska. \u00d6stberg hade \u00e4ven h\u00f6ga infektionsv\u00e4rden och lades in p\u00e5 sjukhus. Under finalveckan har han rullats runt i rullstol och det var l\u00e4nge oklart om han skulle kunna st\u00e5 p\u00e5 scenen alls. Men med lite hj\u00e4lp tog han sig upp f\u00f6r fredagens rep.<\/p>\n<p>            <a href=\"mailto:webbrattelse@expressen.se?subject=Fel%20i%20artikel%3A%20Brandsta-Olles%20kamp%20mot%20sv%C3%A5ra%20sm%C3%A4rtan%3A%20%E2%80%9DHade%20inte%20g%C3%A5tt%20igenom%20en%20dopingkontroll%E2%80%9D&amp;body=En%20l%C3%A4sare%20rapporterar%20fel%20i%20https%3A%2F%2Fwww.expressen.se%2Ftv%2Fnoje%2Fmelodifestivalen%2Fbrandsta-olles-kamp-mot-svara-smartan-hade-inte-gatt-igenom-en-dopingkontroll%2F%0A%0AKommentar%3A%20\"><br \/>\n              Anm\u00e4l text- och faktafel<br \/>\n            <\/a><a href=\"https:\/\/www.expressen.se\/om-expressen\/sa-jobbar-vi-med-korrekta-publiceringar\/\" rel=\"nofollow noopener\" target=\"_blank\">V\u00e5ra kvalitetsrutiner<\/a><\/p>\n","protected":false},"excerpt":{"rendered":"Publicerad 7 mar 2026 kl 16.15Uppdaterad kl 17.11 Bransta city sl\u00e4ckers keyboardist Olle drabbades nyligen av akut gikt.&hellip;\n","protected":false},"author":2,"featured_media":184371,"comment_status":"","ping_status":"","sticky":false,"template":"","format":"standard","meta":{"footnotes":"","_share_on_mastodon":"0"},"categories":[67],"tags":[104,5140,3055,361,544,34,3551,12493,31,33,32,30,402,105],"class_list":["post-184370","post","type-post","status-publish","format-standard","has-post-thumbnail","category-underhallning","tag-entertainment","tag-newsstory-melodifestivalen-2026","tag-organization-melodifestivalen","tag-organization-svt","tag-organization-svt-play","tag-se","tag-sections-melodifestivalen","tag-sections-noje","tag-svenska","tag-sverige","tag-sweden","tag-swedish","tag-topic-artister","tag-underhallning"],"share_on_mastodon":{"url":"https:\/\/pubeurope.com\/@se\/116189367251803491","error":""},"_links":{"self":[{"href":"https:\/\/www.europesays.com\/se\/wp-json\/wp\/v2\/posts\/184370","targetHints":{"allow":["GET"]}}],"collection":[{"href":"https:\/\/www.europesays.com\/se\/wp-json\/wp\/v2\/posts"}],"about":[{"href":"https:\/\/www.europesays.com\/se\/wp-json\/wp\/v2\/types\/post"}],"author":[{"embeddable":true,"href":"https:\/\/www.europesays.com\/se\/wp-json\/wp\/v2\/users\/2"}],"replies":[{"embeddable":true,"href":"https:\/\/www.europesays.com\/se\/wp-json\/wp\/v2\/comments?post=184370"}],"version-history":[{"count":0,"href":"https:\/\/www.europesays.com\/se\/wp-json\/wp\/v2\/posts\/184370\/revisions"}],"wp:featuredmedia":[{"embeddable":true,"href":"https:\/\/www.europesays.com\/se\/wp-json\/wp\/v2\/media\/184371"}],"wp:attachment":[{"href":"https:\/\/www.europesays.com\/se\/wp-json\/wp\/v2\/media?parent=184370"}],"wp:term":[{"taxonomy":"category","embeddable":true,"href":"https:\/\/www.europesays.com\/se\/wp-json\/wp\/v2\/categories?post=184370"},{"taxonomy":"post_tag","embeddable":true,"href":"https:\/\/www.europesays.com\/se\/wp-json\/wp\/v2\/tags?post=184370"}],"curies":[{"name":"wp","href":"https:\/\/api.w.org\/{rel}","templated":true}]}}