{"id":18439,"date":"2025-08-31T19:47:23","date_gmt":"2025-08-31T19:47:23","guid":{"rendered":"https:\/\/www.europesays.com\/se\/18439\/"},"modified":"2025-08-31T19:47:23","modified_gmt":"2025-08-31T19:47:23","slug":"borslugnet-bedrar-feds-oberoende-i-fara","status":"publish","type":"post","link":"https:\/\/www.europesays.com\/se\/18439\/","title":{"rendered":"B\u00f6rslugnet bedrar \u2013 Feds oberoende i fara"},"content":{"rendered":"<p>Vi kan vara n\u00e4ra en punkt d\u00e5 marknaden f\u00e5tt nog av Donald Trumps anstr\u00e4ngningar att styra Federal Reserve. Det skriver Financial Times Katie Martin efter presidentens f\u00f6rs\u00f6k att avs\u00e4tta Fed-guvern\u00f6ren Lisa Cook.<\/p>\n<p>Att marknaderna inte slagit bakut f\u00f6rklarar hon med att USA har v\u00e4rldens st\u00f6rsta reservvaluta: \u201dInget annat land kan komma undan med detta p\u00e5 samma s\u00e4tt\u201d. Ett scenario \u00e4r att obligationsk\u00f6pare avvaktar n\u00e4r USA i september s\u00e4ljer l\u00e5ngfristiga statsobligationer. Om n\u00e5gonstans kommer upproret att b\u00f6rja bland obligationsv\u00e4ktarna, skriver Katie Martin.<\/p>\n<p>Wall Street Journals Greg Ip varnar investerare f\u00f6r att luras av marknadens lugn. Oavsett om Trump lyckas sparka Cook eller inte kommer veckan att g\u00e5 till historien som \u201den av de mest avg\u00f6rande f\u00f6r finansmarknaderna p\u00e5 \u00e5rtionden\u201d, skriver han.<\/p>\n<p>H\u00e4ndelsen kan enligt Ip markera slutet p\u00e5 Feds oberoende fr\u00e5n Vita huset. Marknaderna prisar inte in det utan tar f\u00f6r givet att Fed f\u00f6rblir oberoende. \u201dInvesterare g\u00f6r klokast i att utg\u00e5 fr\u00e5n att Fed inom de n\u00e4rmaste nio m\u00e5naderna b\u00f6rjar s\u00e4tta r\u00e4ntan i enlighet med Trumps \u00f6nskem\u00e5l.\u201d<\/p>\n<p>Omni \u00e4r politiskt obundna och oberoende. Vi str\u00e4var efter att ge fler perspektiv p\u00e5 nyheterna. Har du fr\u00e5gor eller synpunkter kring v\u00e5r rapportering? <a href=\"https:\/\/omni.se\/analyser-lugnet-pa-borsen-bedrar-feds-oberoende-i-fara\/a\/mailto:redaktion@omni.se\" class=\"ArticleActions_contactLink__W2F1M\" rel=\"nofollow noopener\" target=\"_blank\">Kontakta redaktionen<\/a><\/p>\n","protected":false},"excerpt":{"rendered":"Vi kan vara n\u00e4ra en punkt d\u00e5 marknaden f\u00e5tt nog av Donald Trumps anstr\u00e4ngningar att styra Federal Reserve.&hellip;\n","protected":false},"author":2,"featured_media":18440,"comment_status":"","ping_status":"","sticky":false,"template":"","format":"standard","meta":{"footnotes":""},"categories":[65],"tags":[75,387,1047,72,318,385,70,71,1725,2346,268,2344,1827,34,2345,31,33,32,30,386,74,398],"class_list":{"0":"post-18439","1":"post","2":"type-post","3":"status-publish","4":"format-standard","5":"has-post-thumbnail","7":"category-ekonomi","8":"tag-amerikansk-ekonomi","9":"tag-amerikansk-politik","10":"tag-analys","11":"tag-business","12":"tag-centralbanker","13":"tag-donald-trump","14":"tag-economy","15":"tag-ekonomi","16":"tag-federal-reserve","17":"tag-greg-ip","18":"tag-nordamerika","19":"tag-obligationer","20":"tag-presidentvalet-i-usa","21":"tag-se","22":"tag-statsobligationer","23":"tag-svenska","24":"tag-sverige","25":"tag-sweden","26":"tag-swedish","27":"tag-trumps-usa","28":"tag-usa","29":"tag-wall-street"},"share_on_mastodon":{"url":"","error":""},"_links":{"self":[{"href":"https:\/\/www.europesays.com\/se\/wp-json\/wp\/v2\/posts\/18439","targetHints":{"allow":["GET"]}}],"collection":[{"href":"https:\/\/www.europesays.com\/se\/wp-json\/wp\/v2\/posts"}],"about":[{"href":"https:\/\/www.europesays.com\/se\/wp-json\/wp\/v2\/types\/post"}],"author":[{"embeddable":true,"href":"https:\/\/www.europesays.com\/se\/wp-json\/wp\/v2\/users\/2"}],"replies":[{"embeddable":true,"href":"https:\/\/www.europesays.com\/se\/wp-json\/wp\/v2\/comments?post=18439"}],"version-history":[{"count":0,"href":"https:\/\/www.europesays.com\/se\/wp-json\/wp\/v2\/posts\/18439\/revisions"}],"wp:featuredmedia":[{"embeddable":true,"href":"https:\/\/www.europesays.com\/se\/wp-json\/wp\/v2\/media\/18440"}],"wp:attachment":[{"href":"https:\/\/www.europesays.com\/se\/wp-json\/wp\/v2\/media?parent=18439"}],"wp:term":[{"taxonomy":"category","embeddable":true,"href":"https:\/\/www.europesays.com\/se\/wp-json\/wp\/v2\/categories?post=18439"},{"taxonomy":"post_tag","embeddable":true,"href":"https:\/\/www.europesays.com\/se\/wp-json\/wp\/v2\/tags?post=18439"}],"curies":[{"name":"wp","href":"https:\/\/api.w.org\/{rel}","templated":true}]}}