{"id":18524,"date":"2025-08-31T22:12:00","date_gmt":"2025-08-31T22:12:00","guid":{"rendered":"https:\/\/www.europesays.com\/se\/18524\/"},"modified":"2025-08-31T22:12:00","modified_gmt":"2025-08-31T22:12:00","slug":"mitakon-55-mm-f-28-1-5x-macro-ger-5-gangers-forstoring","status":"publish","type":"post","link":"https:\/\/www.europesays.com\/se\/18524\/","title":{"rendered":"Mitakon 55 mm f\/2,8 1\u20135X Macro ger 5 g\u00e5ngers f\u00f6rstoring"},"content":{"rendered":"<p>                          Prylnytt<\/p>\n<p class=\"articleingress\">Det nya makroobjektivet Mitakon 55 mm f\/2,8 1-5X kan anv\u00e4ndas f\u00f6r avbildningsskala 1:1 till 5:1. Objektivet s\u00e4ljs med fattning f\u00f6r 9 olika kameram\u00e4rken.<\/p>\n<p>De flesta makroobjektiv har skala 1:1 som st\u00f6rsta f\u00f6rstoring. Med Mitakon 55 mm f\/2,8 1-5X \u00e4r det tv\u00e4rt om.<\/p>\n<p>Objektivet kan bara fokusera inom n\u00e4rbildsomr\u00e5det med 279 mm som l\u00e4ngsta avst\u00e5nd. D\u00e5 ger objektivet 1 g\u00e5ngs f\u00f6rstoring, skala 1:1. Det fria avst\u00e5ndet mellan frontlins och motiv \u00e4r d\u00e5 150 mm.<\/p>\n<p>Med st\u00f6rre f\u00f6rstoring, upp till skala 5:1, minskar det fria avst\u00e5ndet. Som minst \u00e4r det 65 mm.<\/p>\n<p>Avst\u00e5ndet mellan kameran (sensorn) och motivet \u00e4ndras dock knappt alls. Bara fr\u00e5n 279 till 272 mm. Med andra ord s\u00e5 v\u00e4xter objektivet rej\u00e4lt i l\u00e4ngd vid st\u00f6rre f\u00f6rstoring, fr\u00e5n 87 till 162 mm.<\/p>\n<p><a href=\"https:\/\/www.europesays.com\/se\/wp-content\/uploads\/2025\/08\/938754.jpg\" rel=\"lightbox\"><img decoding=\"async\" src=\"https:\/\/www.europesays.com\/se\/wp-content\/uploads\/2025\/08\/938754.jpg\" alt=\"\" rel=\"lightbox\" class=\"lightbox\" data-cli=\"DocumentPart-938754\"\/><\/a><\/p>\n<p class=\"picturecaption\">Mitakon 55 mm f\/2,8 1-5X med led-ringbelysning och stativfot. B\u00e5da tillbeh\u00f6ren medf\u00f6ljer.<\/p>\n<p>Den optiska konstruktionen best\u00e5r av 13 linser och bl\u00e4ndaren har 9 blad. Fokuseringen \u00e4r manuell och filterdiametern \u00e4r 58 mm. Objektivet v\u00e4ger 690 gram.<\/p>\n<p>P\u00e5 objektivet framsida kan en medf\u00f6ljande led-ringbelysning f\u00e4stas. Det medf\u00f6ljer ocks\u00e5 en stativfot som \u00e4r kompatibel med Arca Swiss-snabbf\u00e4sten.<\/p>\n<p>Mitakon 55 mm f\/2,8 1-5X Macro s\u00e4ljs med fattning f\u00f6r f\u00f6ljande kamerasystem:<\/p>\n<p>Canon EF<br \/>Canon RF<br \/>Fujifilm X<br \/>Fujifilm GFX<br \/>Hasselblad XCD<br \/>L-mount<br \/>Nikon F<br \/>Nikon Z<br \/>Sony E<\/p>\n<p>Mitakon 55 mm f\/2,8 1-5X Macro tillverkas av Zhong Yi Optics (ZY Optics) och kommer bland annat att s\u00e4ljas via Amazon. USA-priset \u00e4r 399 dollar.<\/p>\n<p>      \t\t\t<img decoding=\"async\" src=\"https:\/\/www.europesays.com\/se\/wp-content\/uploads\/2025\/08\/f2117752c045dc283223ad728e8d8f03.jpg\" border=\"0\" alt=\"\"\/>\t\t\t\t<\/p>\n<p>Publicerad 2025-08-31. <\/p>\n","protected":false},"excerpt":{"rendered":"Prylnytt Det nya makroobjektivet Mitakon 55 mm f\/2,8 1-5X kan anv\u00e4ndas f\u00f6r avbildningsskala 1:1 till 5:1. Objektivet s\u00e4ljs&hellip;\n","protected":false},"author":2,"featured_media":18525,"comment_status":"","ping_status":"","sticky":false,"template":"","format":"standard","meta":{"footnotes":""},"categories":[67],"tags":[104,2353,2354,2355,2356,2357,1266,34,31,33,32,30,105],"class_list":{"0":"post-18524","1":"post","2":"type-post","3":"status-publish","4":"format-standard","5":"has-post-thumbnail","7":"category-underhallning","8":"tag-entertainment","9":"tag-macro","10":"tag-makro","11":"tag-mitakon","12":"tag-narbild","13":"tag-narbildsfotografering","14":"tag-objektiv","15":"tag-se","16":"tag-svenska","17":"tag-sverige","18":"tag-sweden","19":"tag-swedish","20":"tag-underhallning"},"share_on_mastodon":{"url":"","error":""},"_links":{"self":[{"href":"https:\/\/www.europesays.com\/se\/wp-json\/wp\/v2\/posts\/18524","targetHints":{"allow":["GET"]}}],"collection":[{"href":"https:\/\/www.europesays.com\/se\/wp-json\/wp\/v2\/posts"}],"about":[{"href":"https:\/\/www.europesays.com\/se\/wp-json\/wp\/v2\/types\/post"}],"author":[{"embeddable":true,"href":"https:\/\/www.europesays.com\/se\/wp-json\/wp\/v2\/users\/2"}],"replies":[{"embeddable":true,"href":"https:\/\/www.europesays.com\/se\/wp-json\/wp\/v2\/comments?post=18524"}],"version-history":[{"count":0,"href":"https:\/\/www.europesays.com\/se\/wp-json\/wp\/v2\/posts\/18524\/revisions"}],"wp:featuredmedia":[{"embeddable":true,"href":"https:\/\/www.europesays.com\/se\/wp-json\/wp\/v2\/media\/18525"}],"wp:attachment":[{"href":"https:\/\/www.europesays.com\/se\/wp-json\/wp\/v2\/media?parent=18524"}],"wp:term":[{"taxonomy":"category","embeddable":true,"href":"https:\/\/www.europesays.com\/se\/wp-json\/wp\/v2\/categories?post=18524"},{"taxonomy":"post_tag","embeddable":true,"href":"https:\/\/www.europesays.com\/se\/wp-json\/wp\/v2\/tags?post=18524"}],"curies":[{"name":"wp","href":"https:\/\/api.w.org\/{rel}","templated":true}]}}