{"id":18687,"date":"2025-09-01T04:30:16","date_gmt":"2025-09-01T04:30:16","guid":{"rendered":"https:\/\/www.europesays.com\/se\/18687\/"},"modified":"2025-09-01T04:30:16","modified_gmt":"2025-09-01T04:30:16","slug":"teslas-arbetare-skullebara-shorts-pa-vintern","status":"publish","type":"post","link":"https:\/\/www.europesays.com\/se\/18687\/","title":{"rendered":"Teslas arbetare skulle\nb\u00e4ra shorts p\u00e5 vintern"},"content":{"rendered":"<p>Publicerad 1 sep 2025 kl 06.00<\/p>\n<p>Det kan vara ot\u00e4ckt att ensam utmana v\u00e4rldens rikaste man. Men tillsammans \u00e4r vi starka.\u00a0<\/p>\n<p>Efter \u00f6ver 670 dagar \u00e4r IF Metalls strejk fortfarande viktig f\u00f6r schysta l\u00f6ner och bra villkor, skriver Jonas Sj\u00f6stedt (V).\u00a0<\/p>\n<p><img   alt=\"\"\/><\/p>\n<p>Jonas Sj\u00f6stedt strejkar tillsammans med Janne Carlsson fr\u00e5n IF Metall utanf\u00f6r Tesla i Ume\u00e5.<\/p>\n<p>Foto: Privat<\/p>\n<p>\u00d6ppna bild i helsk\u00e4rm<img loading=\"lazy\"   alt=\"\"\/><\/p>\n<p>Det \u00e4r tydligt att Elon Musk gett sig p\u00e5 fel land, skriver debatt\u00f6ren.<\/p>\n<p>Foto: ALI HAIDER \/ EPA<\/p>\n<p>\u00d6ppna bild i helsk\u00e4rm<\/p>\n<p>Detta \u00e4r en debattartikel. Det \u00e4r skribenten som st\u00e5r f\u00f6r \u00e5sikterna i texten.&#13;<br \/>\n&#13;\n<\/p>\n<p><strong>DEBATT.<\/strong> P\u00e5 ena sidan st\u00e5r v\u00e4rldens rikaste man. Elon Musk tj\u00e4nar drygt 6 000 kronor per sekund och har dessutom f\u00e5tt inflytande i v\u00e4rldens st\u00f6rsta ekonomi under styret av v\u00e4rldens m\u00e4ktigaste man, Donald Trump. P\u00e5 andra sidan st\u00e5r helt vanliga mekaniker som kr\u00e4ver kollektivavtal och b\u00e4ttre arbetsvillkor. P\u00e5 avst\u00e5nd kan det se ut som att striden \u00e4r om\u00f6jlig att vinna. Vem kan utmana v\u00e4rldens rikaste man?\u00a0<\/p>\n<p>Sedan den 27 oktober 2023 strejkar IF Metall p\u00e5 <a href=\"https:\/\/www.expressen.se\/tagg\/organization\/tesla\/\" class=\"\" rel=\"nofollow noopener\" target=\"_blank\">Teslas<\/a> svenska servicest\u00e4llen och verkst\u00e4der. I dag \u00e4r det \u00f6ver 670 dagar av strejk. Nyligen tog jag eftermiddagspasset som strejkvakt utanf\u00f6r Teslas verkstad i Ume\u00e5. Mekanikerna har m\u00e5nga goda sk\u00e4l att ta strid mot v\u00e4rldens rikaste man.\u00a0<\/p>\n<p>En arbetare p\u00e5 Tesla beskrev hur vintern i Ume\u00e5 kom och han f\u00f6rv\u00e4ntades arbeta i shorts f\u00f6r att han f\u00f6rv\u00e4grades varmare arbetskl\u00e4der. En annan pratade om att arbetsplatsolyckor f\u00f6rekommer och att arbetarna saknar f\u00f6rs\u00e4kringar och blir utan ers\u00e4ttning eller st\u00f6d n\u00e4r olyckan \u00e4r framme. En tredje menade att det handlar om v\u00e4rdighet, om att bli behandlad som en m\u00e4nniska p\u00e5 jobbet och inte en maskin.\u00a0<\/p>\n<blockquote><p>Vi \u00e4r m\u00e5nga som \u00e4r stolta \u00f6ver IF Metalls envisa kamp.<\/p><\/blockquote>\n<p>F\u00f6r mig \u00e4r det glasklart. Striden handlar helt enkelt om hur vi ska ha det p\u00e5 jobbet, hur vi ska m\u00e5 p\u00e5 fritiden och att m\u00e4ktiga personer inte ska kunna g\u00f6ra som de vill bara f\u00f6r att de har mycket pengar. Det finns starka intressen, uppbackade av stora ekonomiska resurser och v\u00e4nskapliga relationer till h\u00f6gerpolitiken, som vill sl\u00e5 s\u00f6nder de stora landvinningar som arbetarr\u00f6relsen byggt upp.\u00a0<\/p>\n<p>Arbetsvillkoren ska offras p\u00e5 vinstens altare, arbetare ska v\u00e4gras inflytande \u00f6ver sina arbetsplatser, det \u00e4r Elon Musks m\u00e5l. Han har konsekvent v\u00e4grat teckna kollektivavtal och anv\u00e4nder sig av storskaligt strejkbryteri n\u00e4r arbetare som strejkar p\u00e5 f\u00f6retagets svenska verkst\u00e4der ers\u00e4tts med influgna arbetare fr\u00e5n andra EU-l\u00e4nder.\u00a0<\/p>\n<p>Det vill vi stoppa genom att \u00e4ndra i EU:s utstationeringsdirektiv och inf\u00f6ra en Lex Tesla mot detta strejkbryteri.<\/p>\n<p>Fler st\u00f6ttar strejken<\/p>\n<p>Men det \u00e4r tydligt att Elon Musk gett sig p\u00e5 fel land. Vi \u00e4r m\u00e5nga som \u00e4r stolta \u00f6ver IF Metalls envisa kamp. Flera svenska och internationella fackf\u00f6rbund st\u00f6ttar IF Metalls strejk f\u00f6r b\u00e4ttre arbetsvillkor. Svenska f\u00f6retag som Folksam har s\u00e5lt sina Tesla-aktier i samband med striden mot facket.\u00a0<\/p>\n<p>Samtidigt rasar f\u00f6rs\u00e4ljningen av Tesla i Europa och i Sverige i rekordtakt. Under de f\u00f6rsta sex m\u00e5naderna av 2025 minskade nyregistreringen av Teslabilar i Sverige med 61 procent, och under motsvarande tid i Europa med 33 procent.\u00a0<\/p>\n<p>Fler och fler m\u00e4nniskor har f\u00e5tt nog av Elon Musks behandling av arbetare. Precis som n\u00e4r Pippi L\u00e5ngstrump gick fram p\u00e5 tivolit och utmanade v\u00e4rldens starkaste man finns det hopp. Det kan vara ot\u00e4ckt att ensam utmana v\u00e4rldens rikaste man, alla \u00e4r vi ju inte Pippi L\u00e5ngstrump. Men tillsammans \u00e4r vi starka. Det \u00e4r n\u00e4r arbetare organiserar sig p\u00e5 arbetsplatser som makten i samh\u00e4llet utmanas och kan f\u00f6rflyttas p\u00e5 riktigt. Vi har gjort det f\u00f6rr, vi kommer g\u00f6ra det igen.\u00a0<\/p>\n<p>IF Metalls kamp f\u00f6r b\u00e4ttre arbetsvillkor \u00e4r allas kamp f\u00f6r b\u00e4ttre arbetsvillkor. En attack p\u00e5 en av oss, \u00e4r en attack p\u00e5 oss alla. Konflikten p\u00e5 Tesla har betydelse f\u00f6r hela den svenska modellen d\u00e4r l\u00f6ntagarna har inflytande genom f\u00f6rhandlingar och avtal.\u00a0<\/p>\n<p>IF Metalls strejk \u00e4r viktig f\u00f6r schysta l\u00f6ner och bra villkor f\u00f6r arbetare i Europa och i v\u00e4rlden. Teslas Sverigechef Jens Stark har tidigare uttalat sig om att ingen efterfr\u00e5gar kollektivavtal p\u00e5 Tesla. Fr\u00e5n de strejkande arbetarna utanf\u00f6r Teslas verkst\u00e4der i Sverige \u00e4r dock budskapet tydligt: i Sverige k\u00f6r vi med kollektivavtal.\u00a0<\/p>\n<p><strong>Av Jonas Sj\u00f6stedt (V)<\/strong><\/p>\n<p>EU-parlamentariker<\/p>\n","protected":false},"excerpt":{"rendered":"Publicerad 1 sep 2025 kl 06.00 Det kan vara ot\u00e4ckt att ensam utmana v\u00e4rldens rikaste man. Men tillsammans&hellip;\n","protected":false},"author":2,"featured_media":18688,"comment_status":"","ping_status":"","sticky":false,"template":"","format":"standard","meta":{"footnotes":""},"categories":[65],"tags":[72,70,71,2374,2062,34,31,33,32,30,1359],"class_list":{"0":"post-18687","1":"post","2":"type-post","3":"status-publish","4":"format-standard","5":"has-post-thumbnail","7":"category-ekonomi","8":"tag-business","9":"tag-economy","10":"tag-ekonomi","11":"tag-organization-if-metall","12":"tag-organization-tesla","13":"tag-se","14":"tag-svenska","15":"tag-sverige","16":"tag-sweden","17":"tag-swedish","18":"tag-topic-arbetsmarknad"},"share_on_mastodon":{"url":"","error":""},"_links":{"self":[{"href":"https:\/\/www.europesays.com\/se\/wp-json\/wp\/v2\/posts\/18687","targetHints":{"allow":["GET"]}}],"collection":[{"href":"https:\/\/www.europesays.com\/se\/wp-json\/wp\/v2\/posts"}],"about":[{"href":"https:\/\/www.europesays.com\/se\/wp-json\/wp\/v2\/types\/post"}],"author":[{"embeddable":true,"href":"https:\/\/www.europesays.com\/se\/wp-json\/wp\/v2\/users\/2"}],"replies":[{"embeddable":true,"href":"https:\/\/www.europesays.com\/se\/wp-json\/wp\/v2\/comments?post=18687"}],"version-history":[{"count":0,"href":"https:\/\/www.europesays.com\/se\/wp-json\/wp\/v2\/posts\/18687\/revisions"}],"wp:featuredmedia":[{"embeddable":true,"href":"https:\/\/www.europesays.com\/se\/wp-json\/wp\/v2\/media\/18688"}],"wp:attachment":[{"href":"https:\/\/www.europesays.com\/se\/wp-json\/wp\/v2\/media?parent=18687"}],"wp:term":[{"taxonomy":"category","embeddable":true,"href":"https:\/\/www.europesays.com\/se\/wp-json\/wp\/v2\/categories?post=18687"},{"taxonomy":"post_tag","embeddable":true,"href":"https:\/\/www.europesays.com\/se\/wp-json\/wp\/v2\/tags?post=18687"}],"curies":[{"name":"wp","href":"https:\/\/api.w.org\/{rel}","templated":true}]}}