{"id":18711,"date":"2025-09-01T05:00:09","date_gmt":"2025-09-01T05:00:09","guid":{"rendered":"https:\/\/www.europesays.com\/se\/18711\/"},"modified":"2025-09-01T05:00:09","modified_gmt":"2025-09-01T05:00:09","slug":"appen-som-ska-ge-putin-annu-mer-kontroll-varlden","status":"publish","type":"post","link":"https:\/\/www.europesays.com\/se\/18711\/","title":{"rendered":"Appen som ska ge Putin \u00e4nnu mer kontroll | V\u00e4rlden"},"content":{"rendered":"<p>Publicerad 1 sep 2025 kl 02.44<\/p>\n<p>En ny app \u2013 det \u00e4r Vladimir Putins nya drag f\u00f6r att kontrollera sitt folk.<\/p>\n<p>Appen Max blir obligatorisk i alla nya mobiltelefoner<\/p>\n<p><img   alt=\"\"\/><\/p>\n<p>Appen ska f\u00f6rinstalleras p\u00e5 alla mobiltelefoner fr\u00e5n och med m\u00e5ndagen.<\/p>\n<p>Foto: \u0420\u0435\u043a\u0430 \u0410\u043b\u0435\u043a\u0441\u0430\u043d\u0434\u0440 \/ TT<\/p>\n<p>\u00d6ppna bild i helsk\u00e4rm<img loading=\"lazy\"   alt=\"\"\/><\/p>\n<p>Appen kommer ge Putin \u00e4nnu mer kontroll \u00f6ver internet i Ryssland.<\/p>\n<p>Foto: SERGEY BOBYLEV \/ SPUTNIK\/ KREMLIN POOL \/ EPA<\/p>\n<p>\u00d6ppna bild i helsk\u00e4rm<\/p>\n<p>Tillg\u00e5ngen till olika sociala medier som Facebook, Instagram och Youtube har minskat kraftigt i <a href=\"https:\/\/www.expressen.se\/tagg\/location\/ryssland\/\" class=\"\" rel=\"nofollow noopener\" target=\"_blank\">Ryssland<\/a> sedan den fullskaliga invasionen av Ukraina och i augusti b\u00f6rjade staten \u00e4ven blockera samtal via appar som Whatsapp och Telegram blockeras.\u00a0<\/p>\n<p>Den officiella f\u00f6rklaringen \u00e4r att man vill hindra telefonbedr\u00e4gerier. Fr\u00e5n och med 1 september \u00e4r det den i st\u00e4llet nya appen Max som g\u00e4ller f\u00f6r att kommunicera via chattar och samtal \u2013 en app som kommer att vara f\u00f6rinstallerad p\u00e5 alla nya mobiltelefoner och surfplattor, rapporterar <a href=\"https:\/\/www.sverigesradio.se\/artikel\/ny-rysk-app-vacker-oro-som-att-installera-en-polis\" rel=\"nofollow noopener\" target=\"_blank\">Ekot<\/a>.\u00a0<\/p>\n<p>Samtidigt uppmanas alla statsanst\u00e4llda att flytta \u00f6ver till appen. Appen \u00e4r \u00e4ven t\u00e4nkt att kunna anv\u00e4ndas f\u00f6r alla bank\u00e4renden och myndighetskontakter.\u00a0<\/p>\n<p>Appen lanseras av ett bolag som har n\u00e4ra kopplingar till den ryska statsapparaten i Kreml.<\/p>\n<p>Draget ses av m\u00e5nga som ytterligare ett steg mot ett allt h\u00e5rdare \u00f6vervakningssamh\u00e4lle.\u00a0<\/p>\n<p>\u2013 Att installera Max p\u00e5 din telefon \u00e4r som att installera din personliga polis, som kommer \u00f6vervaka dig dygnet runt, s\u00e4ger IT-experten Michail Klimarjov till m\u00e4nniskor\u00e4ttssajten OVD-info enligt Ekot.<\/p>\n","protected":false},"excerpt":{"rendered":"Publicerad 1 sep 2025 kl 02.44 En ny app \u2013 det \u00e4r Vladimir Putins nya drag f\u00f6r att&hellip;\n","protected":false},"author":2,"featured_media":18712,"comment_status":"","ping_status":"","sticky":false,"template":"","format":"standard","meta":{"footnotes":""},"categories":[14],"tags":[22,23,26,27,17,21,24,25,274,28,29,15,16,203,18,34,55,31,33,32,30,19,966,20,51,52,53,54],"class_list":{"0":"post-18711","1":"post","2":"type-post","3":"status-publish","4":"format-standard","5":"has-post-thumbnail","7":"category-varlden","8":"tag-breaking-news","9":"tag-breakingnews","10":"tag-featured-news","11":"tag-featurednews","12":"tag-headlines","13":"tag-huvudnyheter","14":"tag-latest-news","15":"tag-latestnews","16":"tag-location-ryssland","17":"tag-main-news","18":"tag-mainnews","19":"tag-news","20":"tag-nyheter","21":"tag-person-vladimir-putin","22":"tag-rubriker","23":"tag-se","24":"tag-sections-varlden","25":"tag-svenska","26":"tag-sverige","27":"tag-sweden","28":"tag-swedish","29":"tag-top-stories","30":"tag-topic-sociala-medier","31":"tag-topstories","32":"tag-varlden","33":"tag-world","34":"tag-world-news","35":"tag-worldnews"},"share_on_mastodon":{"url":"","error":""},"_links":{"self":[{"href":"https:\/\/www.europesays.com\/se\/wp-json\/wp\/v2\/posts\/18711","targetHints":{"allow":["GET"]}}],"collection":[{"href":"https:\/\/www.europesays.com\/se\/wp-json\/wp\/v2\/posts"}],"about":[{"href":"https:\/\/www.europesays.com\/se\/wp-json\/wp\/v2\/types\/post"}],"author":[{"embeddable":true,"href":"https:\/\/www.europesays.com\/se\/wp-json\/wp\/v2\/users\/2"}],"replies":[{"embeddable":true,"href":"https:\/\/www.europesays.com\/se\/wp-json\/wp\/v2\/comments?post=18711"}],"version-history":[{"count":0,"href":"https:\/\/www.europesays.com\/se\/wp-json\/wp\/v2\/posts\/18711\/revisions"}],"wp:featuredmedia":[{"embeddable":true,"href":"https:\/\/www.europesays.com\/se\/wp-json\/wp\/v2\/media\/18712"}],"wp:attachment":[{"href":"https:\/\/www.europesays.com\/se\/wp-json\/wp\/v2\/media?parent=18711"}],"wp:term":[{"taxonomy":"category","embeddable":true,"href":"https:\/\/www.europesays.com\/se\/wp-json\/wp\/v2\/categories?post=18711"},{"taxonomy":"post_tag","embeddable":true,"href":"https:\/\/www.europesays.com\/se\/wp-json\/wp\/v2\/tags?post=18711"}],"curies":[{"name":"wp","href":"https:\/\/api.w.org\/{rel}","templated":true}]}}