{"id":18775,"date":"2025-09-01T06:16:42","date_gmt":"2025-09-01T06:16:42","guid":{"rendered":"https:\/\/www.europesays.com\/se\/18775\/"},"modified":"2025-09-01T06:16:42","modified_gmt":"2025-09-01T06:16:42","slug":"jackpot-vantar-klarnatoppar-vid-en-borsnotering","status":"publish","type":"post","link":"https:\/\/www.europesays.com\/se\/18775\/","title":{"rendered":"Jackpot v\u00e4ntar Klarnatoppar vid en b\u00f6rsnotering"},"content":{"rendered":"<p>De sex topparna i Klarnas ledningsgrupp \u00e4ger vid sidan av vd Sebastian Siemiatkowski aktier som kan bli v\u00e4rda runt 370 miljoner kronor om betalj\u00e4tten g\u00e5r till b\u00f6rsen, skriver DI. <\/p>\n<p>Ut\u00f6ver aktier sitter topparna \u00e4ven p\u00e5 olika optionsavtal, varav vissa kan konverteras i n\u00e4rtid till aktier, och potentiellt \u00f6ka det totala aktiev\u00e4rdet till 600 miljoner kronor. <\/p>\n<p>Tidningen r\u00e4knar p\u00e5 ett teckningsintervall p\u00e5 34\u201336 dollar per aktie, vilket Reuters tidigare rapporterat om. <\/p>\n<p>Omni \u00e4r politiskt obundna och oberoende. Vi str\u00e4var efter att ge fler perspektiv p\u00e5 nyheterna. Har du fr\u00e5gor eller synpunkter kring v\u00e5r rapportering? <a href=\"https:\/\/omni.se\/jackpot-vantar-klarnatoppar-vid-en-borsnotering\/a\/mailto:redaktion@omni.se\" class=\"ArticleActions_contactLink__W2F1M\" rel=\"nofollow noopener\" target=\"_blank\">Kontakta redaktionen<\/a><\/p>\n","protected":false},"excerpt":{"rendered":"De sex topparna i Klarnas ledningsgrupp \u00e4ger vid sidan av vd Sebastian Siemiatkowski aktier som kan bli v\u00e4rda&hellip;\n","protected":false},"author":2,"featured_media":18776,"comment_status":"","ping_status":"","sticky":false,"template":"","format":"standard","meta":{"footnotes":""},"categories":[65],"tags":[2382,72,70,71,90,34,2383,31,33,32,30],"class_list":{"0":"post-18775","1":"post","2":"type-post","3":"status-publish","4":"format-standard","5":"has-post-thumbnail","7":"category-ekonomi","8":"tag-borsnoteringar","9":"tag-business","10":"tag-economy","11":"tag-ekonomi","12":"tag-klarna","13":"tag-se","14":"tag-sebastian-siemiatkowski","15":"tag-svenska","16":"tag-sverige","17":"tag-sweden","18":"tag-swedish"},"share_on_mastodon":{"url":"","error":""},"_links":{"self":[{"href":"https:\/\/www.europesays.com\/se\/wp-json\/wp\/v2\/posts\/18775","targetHints":{"allow":["GET"]}}],"collection":[{"href":"https:\/\/www.europesays.com\/se\/wp-json\/wp\/v2\/posts"}],"about":[{"href":"https:\/\/www.europesays.com\/se\/wp-json\/wp\/v2\/types\/post"}],"author":[{"embeddable":true,"href":"https:\/\/www.europesays.com\/se\/wp-json\/wp\/v2\/users\/2"}],"replies":[{"embeddable":true,"href":"https:\/\/www.europesays.com\/se\/wp-json\/wp\/v2\/comments?post=18775"}],"version-history":[{"count":0,"href":"https:\/\/www.europesays.com\/se\/wp-json\/wp\/v2\/posts\/18775\/revisions"}],"wp:featuredmedia":[{"embeddable":true,"href":"https:\/\/www.europesays.com\/se\/wp-json\/wp\/v2\/media\/18776"}],"wp:attachment":[{"href":"https:\/\/www.europesays.com\/se\/wp-json\/wp\/v2\/media?parent=18775"}],"wp:term":[{"taxonomy":"category","embeddable":true,"href":"https:\/\/www.europesays.com\/se\/wp-json\/wp\/v2\/categories?post=18775"},{"taxonomy":"post_tag","embeddable":true,"href":"https:\/\/www.europesays.com\/se\/wp-json\/wp\/v2\/tags?post=18775"}],"curies":[{"name":"wp","href":"https:\/\/api.w.org\/{rel}","templated":true}]}}