{"id":18777,"date":"2025-09-01T06:19:26","date_gmt":"2025-09-01T06:19:26","guid":{"rendered":"https:\/\/www.europesays.com\/se\/18777\/"},"modified":"2025-09-01T06:19:26","modified_gmt":"2025-09-01T06:19:26","slug":"ville-inte-ge-trump-fredspriset","status":"publish","type":"post","link":"https:\/\/www.europesays.com\/se\/18777\/","title":{"rendered":"Ville inte ge Trump fredspriset"},"content":{"rendered":"<p>Ett ursp\u00e5rat telefonsamtal mellan USA:s president Donald Trump och Indiens premi\u00e4rminister Narendra Modi i juni ska ha spelat en avg\u00f6rande roll f\u00f6r den f\u00f6rs\u00e4mrade relationen mellan ledarna. Det skriver New York Times i ett reportage baserat p\u00e5 uppgifter fr\u00e5n ett tiotal k\u00e4llor i Washington och New Delhi. <\/p>\n<p>Enligt uppgifterna tappade Modi t\u00e5lamodet med Trump, som under samtalet insisterade p\u00e5 att han \u201dl\u00f6st\u201d den milit\u00e4ra konflikten mellan Indien och Pakistan \u2013 n\u00e5got han redan hade p\u00e5st\u00e5tt offentligt flera g\u00e5nger. <\/p>\n<p>Trump n\u00e4mnde att Pakistan skulle nominera honom till Nobels fredspris och det underliggande budskapet gick enligt k\u00e4llorna inte att missa: Modi borde ocks\u00e5 g\u00f6ra det. Men det gjorde han inte. I\u202fst\u00e4llet ska han ha sagt att Trump inte hade n\u00e5got att g\u00f6ra med vapenvilan. <\/p>\n<p>Trump ska ha skakat av sig kommentarerna, men samtalet ska ha blivit en utl\u00f6sande faktor till en f\u00f6rdjupad spricka mellan de b\u00e5da ledarna. Bara veckor efter samtalet, som intr\u00e4ffade den 17 juni, meddelade Trump 25-procentiga tullar mot Indien. I veckan adderade han ytterligare 25 procentenheter till tullarna, som ett svar p\u00e5 att Indien k\u00f6pt rysk olja. <\/p>\n<p>Omni \u00e4r politiskt obundna och oberoende. Vi str\u00e4var efter att ge fler perspektiv p\u00e5 nyheterna. Har du fr\u00e5gor eller synpunkter kring v\u00e5r rapportering? <a href=\"https:\/\/omni.se\/modis-vagran-ville-inte-ge-trump-fredspriset\/a\/mailto:redaktion@omni.se\" class=\"ArticleActions_contactLink__W2F1M\" rel=\"nofollow noopener\" target=\"_blank\">Kontakta redaktionen<\/a><\/p>\n","protected":false},"excerpt":{"rendered":"Ett ursp\u00e5rat telefonsamtal mellan USA:s president Donald Trump och Indiens premi\u00e4rminister Narendra Modi i juni ska ha spelat&hellip;\n","protected":false},"author":2,"featured_media":18778,"comment_status":"","ping_status":"","sticky":false,"template":"","format":"standard","meta":{"footnotes":""},"categories":[14],"tags":[420,22,23,385,26,27,17,21,393,24,25,28,29,2384,15,268,16,2385,18,34,31,33,32,30,19,20,77,74,51,52,53,54],"class_list":{"0":"post-18777","1":"post","2":"type-post","3":"status-publish","4":"format-standard","5":"has-post-thumbnail","7":"category-varlden","8":"tag-asien","9":"tag-breaking-news","10":"tag-breakingnews","11":"tag-donald-trump","12":"tag-featured-news","13":"tag-featurednews","14":"tag-headlines","15":"tag-huvudnyheter","16":"tag-indien","17":"tag-latest-news","18":"tag-latestnews","19":"tag-main-news","20":"tag-mainnews","21":"tag-narendra-modi","22":"tag-news","23":"tag-nordamerika","24":"tag-nyheter","25":"tag-pakistan","26":"tag-rubriker","27":"tag-se","28":"tag-svenska","29":"tag-sverige","30":"tag-sweden","31":"tag-swedish","32":"tag-top-stories","33":"tag-topstories","34":"tag-tullkrisen","35":"tag-usa","36":"tag-varlden","37":"tag-world","38":"tag-world-news","39":"tag-worldnews"},"share_on_mastodon":{"url":"","error":""},"_links":{"self":[{"href":"https:\/\/www.europesays.com\/se\/wp-json\/wp\/v2\/posts\/18777","targetHints":{"allow":["GET"]}}],"collection":[{"href":"https:\/\/www.europesays.com\/se\/wp-json\/wp\/v2\/posts"}],"about":[{"href":"https:\/\/www.europesays.com\/se\/wp-json\/wp\/v2\/types\/post"}],"author":[{"embeddable":true,"href":"https:\/\/www.europesays.com\/se\/wp-json\/wp\/v2\/users\/2"}],"replies":[{"embeddable":true,"href":"https:\/\/www.europesays.com\/se\/wp-json\/wp\/v2\/comments?post=18777"}],"version-history":[{"count":0,"href":"https:\/\/www.europesays.com\/se\/wp-json\/wp\/v2\/posts\/18777\/revisions"}],"wp:featuredmedia":[{"embeddable":true,"href":"https:\/\/www.europesays.com\/se\/wp-json\/wp\/v2\/media\/18778"}],"wp:attachment":[{"href":"https:\/\/www.europesays.com\/se\/wp-json\/wp\/v2\/media?parent=18777"}],"wp:term":[{"taxonomy":"category","embeddable":true,"href":"https:\/\/www.europesays.com\/se\/wp-json\/wp\/v2\/categories?post=18777"},{"taxonomy":"post_tag","embeddable":true,"href":"https:\/\/www.europesays.com\/se\/wp-json\/wp\/v2\/tags?post=18777"}],"curies":[{"name":"wp","href":"https:\/\/api.w.org\/{rel}","templated":true}]}}