{"id":18788,"date":"2025-09-01T06:35:44","date_gmt":"2025-09-01T06:35:44","guid":{"rendered":"https:\/\/www.europesays.com\/se\/18788\/"},"modified":"2025-09-01T06:35:44","modified_gmt":"2025-09-01T06:35:44","slug":"oron-i-kiruna-forvandlas-till-en-oljeplattform","status":"publish","type":"post","link":"https:\/\/www.europesays.com\/se\/18788\/","title":{"rendered":"Oron i Kiruna: \u201dF\u00f6rvandlas till en oljeplattform\u201d"},"content":{"rendered":"<p>Oron \u00e4r stor i Kiruna efter att LKAB meddelat att man bygger ut gruvan, n\u00e5got som tvingar ytterligare 6\u202f000 personer att flytta. Kommunalr\u00e5det Mats Taaveniku (S) s\u00e4ger till SvD att deras \u201dworst case scenario\u201d \u00f6verskreds med cirka 1\u202f000 inv\u00e5nare. <\/p>\n<p>Kommunen kr\u00e4ver att staten bidrar mer f\u00f6r att stadsomvandlingen ska fungera f\u00f6r de som bor i Kiruna. Det handlar bland annat om riktade investeringsst\u00f6d till byggandet av bost\u00e4der och statliga insatser f\u00f6r skola, v\u00e5rd och omsorg i regionen. <\/p>\n<p>\u2013 Lyckas vi inte med det h\u00e4r s\u00e5 kommer vi att f\u00f6rvandlas fr\u00e5n en koloni till en oljeplattform, s\u00e4ger han till tidningen. <\/p>\n<p>Omni \u00e4r politiskt obundna och oberoende. Vi str\u00e4var efter att ge fler perspektiv p\u00e5 nyheterna. Har du fr\u00e5gor eller synpunkter kring v\u00e5r rapportering? <a href=\"https:\/\/omni.se\/oron-i-kiruna-forvandlas-till-en-oljeplattform\/a\/mailto:redaktion@omni.se\" class=\"ArticleActions_contactLink__W2F1M\" rel=\"nofollow noopener\" target=\"_blank\">Kontakta redaktionen<\/a><\/p>\n","protected":false},"excerpt":{"rendered":"Oron \u00e4r stor i Kiruna efter att LKAB meddelat att man bygger ut gruvan, n\u00e5got som tvingar ytterligare&hellip;\n","protected":false},"author":2,"featured_media":18789,"comment_status":"","ping_status":"","sticky":false,"template":"","format":"standard","meta":{"footnotes":""},"categories":[12],"tags":[22,23,26,27,17,21,1782,24,25,1783,28,29,15,841,16,18,34,31,33,32,30,19,20],"class_list":{"0":"post-18788","1":"post","2":"type-post","3":"status-publish","4":"format-standard","5":"has-post-thumbnail","7":"category-sverige","8":"tag-breaking-news","9":"tag-breakingnews","10":"tag-featured-news","11":"tag-featurednews","12":"tag-headlines","13":"tag-huvudnyheter","14":"tag-kiruna","15":"tag-latest-news","16":"tag-latestnews","17":"tag-lkab","18":"tag-main-news","19":"tag-mainnews","20":"tag-news","21":"tag-norrbottens-lan","22":"tag-nyheter","23":"tag-rubriker","24":"tag-se","25":"tag-svenska","26":"tag-sverige","27":"tag-sweden","28":"tag-swedish","29":"tag-top-stories","30":"tag-topstories"},"share_on_mastodon":{"url":"","error":""},"_links":{"self":[{"href":"https:\/\/www.europesays.com\/se\/wp-json\/wp\/v2\/posts\/18788","targetHints":{"allow":["GET"]}}],"collection":[{"href":"https:\/\/www.europesays.com\/se\/wp-json\/wp\/v2\/posts"}],"about":[{"href":"https:\/\/www.europesays.com\/se\/wp-json\/wp\/v2\/types\/post"}],"author":[{"embeddable":true,"href":"https:\/\/www.europesays.com\/se\/wp-json\/wp\/v2\/users\/2"}],"replies":[{"embeddable":true,"href":"https:\/\/www.europesays.com\/se\/wp-json\/wp\/v2\/comments?post=18788"}],"version-history":[{"count":0,"href":"https:\/\/www.europesays.com\/se\/wp-json\/wp\/v2\/posts\/18788\/revisions"}],"wp:featuredmedia":[{"embeddable":true,"href":"https:\/\/www.europesays.com\/se\/wp-json\/wp\/v2\/media\/18789"}],"wp:attachment":[{"href":"https:\/\/www.europesays.com\/se\/wp-json\/wp\/v2\/media?parent=18788"}],"wp:term":[{"taxonomy":"category","embeddable":true,"href":"https:\/\/www.europesays.com\/se\/wp-json\/wp\/v2\/categories?post=18788"},{"taxonomy":"post_tag","embeddable":true,"href":"https:\/\/www.europesays.com\/se\/wp-json\/wp\/v2\/tags?post=18788"}],"curies":[{"name":"wp","href":"https:\/\/api.w.org\/{rel}","templated":true}]}}