{"id":18914,"date":"2025-09-01T08:48:21","date_gmt":"2025-09-01T08:48:21","guid":{"rendered":"https:\/\/www.europesays.com\/se\/18914\/"},"modified":"2025-09-01T08:48:21","modified_gmt":"2025-09-01T08:48:21","slug":"jelena-dokic-ford-till-akuten-maste-opereras-tennis","status":"publish","type":"post","link":"https:\/\/www.europesays.com\/se\/18914\/","title":{"rendered":"Jelena Dokic f\u00f6rd till akuten \u2013 m\u00e5ste opereras | Tennis"},"content":{"rendered":"<p>Publicerad 31 aug 2025 kl 13.20<\/p>\n<p>Jelena Dokic k\u00e4nde att n\u00e5got inte stod r\u00e4tt till.\u00a0<\/p>\n<p>Tennisikonen fick upps\u00f6ka sjukhus \u2013 och tvingas nu till operation.\u00a0<\/p>\n<p><img   alt=\"\"\/> <\/p>\n<p>Foto: Instagram<\/p>\n<p>\u00d6ppna bild i helsk\u00e4rm<img loading=\"lazy\"   alt=\"\"\/> <\/p>\n<p>Foto: Instagram<\/p>\n<p>\u00d6ppna bild i helsk\u00e4rm<\/p>\n<p>Det var efter veckans US Open-s\u00e4ndningar som <a href=\"https:\/\/www.expressen.se\/tagg\/person\/jelena-dokic\/\" class=\"\" rel=\"nofollow noopener\" target=\"_blank\">Jelena Dokic<\/a>, 42, hamnade p\u00e5 akuten.<\/p>\n<p>Den australiska tennisikonen, som jobbar som expert f\u00f6r australisk tv, hade i m\u00e5nader k\u00e4nt att det var n\u00e5gonting som inte stod r\u00e4tt till och \u00e5kte d\u00e4rf\u00f6r till sjukhuset i Melbourne.\u00a0<\/p>\n<p>Det ber\u00e4ttar hon p\u00e5 <a href=\"https:\/\/www.instagram.com\/p\/DN7S0duiYh6\/?img_index=1\" rel=\"nofollow noopener\" target=\"_blank\">Instagram.\u00a0<\/a><\/p>\n<p>L\u00e4karna uppt\u00e4ckte en s\u00e5 kallad fibrom \u2013 en godartad bindv\u00e4vsknuta \u2013 i hennes livmoder.\u00a0<\/p>\n<p>\u201dDet avf\u00e4rdades som inget allvarligt (m\u00e5nga kvinnor har det och lever med det). Tydligen. Vad det nu betyder\u201d, skriver hon p\u00e5 Instagram.\u00a0<\/p>\n<p>\u201dUpps\u00f6k l\u00e4kare direkt\u201d\u00a0<\/p>\n<p>\u201dJag kommer att beh\u00f6va opereras senare i \u00e5r f\u00f6r att ta bort den. Men under tiden handlar det om att hantera sm\u00e4rta och kraftiga bl\u00f6dningar\u201d, forts\u00e4tter hon.\u00a0<\/p>\n<p>Dokic f\u00f6rklarar att hon delar med sig av sjukhusbes\u00f6ket f\u00f6r att hj\u00e4lpa andra.<\/p>\n<p>\u201dG\u00f6r dina regelbundna kontroller och vid minsta m\u00f6jliga sm\u00e4rta eller n\u00e5got ovanligt, upps\u00f6k din l\u00e4kare direkt\u201d, skriver hon.\u00a0<\/p>\n<p>42-\u00e5ringen har kunnat forts\u00e4tta jobba som vanligt och syntes \u00e5ter i tv-rutan i helgen.<\/p>\n<p>Dokic har sedan hon la racketen p\u00e5 hyllan f\u00f6r drygt tio \u00e5r arbetat inom tv-branschen. Under den aktiva karri\u00e4ren var hon som b\u00e4st rankad fyra i v\u00e4rlden.\u00a0<\/p>\n<p>Hon slog igenom med dunder och brak n\u00e4r hon som 16-\u00e5ring slog Martina Hingis i Wimbledons f\u00f6rsta runda. Det \u00e4r \u00e4n i dag den enda g\u00e5ngen som en v\u00e4rldsetta har rykt i turneringens f\u00f6rsta runda.\u00a0<\/p>\n<p><script async src=\"\/\/www.instagram.com\/embed.js\"><\/script><\/p>\n","protected":false},"excerpt":{"rendered":"Publicerad 31 aug 2025 kl 13.20 Jelena Dokic k\u00e4nde att n\u00e5got inte stod r\u00e4tt till.\u00a0 Tennisikonen fick upps\u00f6ka&hellip;\n","protected":false},"author":2,"featured_media":18915,"comment_status":"","ping_status":"","sticky":false,"template":"","format":"standard","meta":{"footnotes":""},"categories":[68],"tags":[2397,34,307,111,110,31,33,32,30],"class_list":{"0":"post-18914","1":"post","2":"type-post","3":"status-publish","4":"format-standard","5":"has-post-thumbnail","7":"category-sport","8":"tag-person-jelena-dokic","9":"tag-se","10":"tag-sections-tennis","11":"tag-sport","12":"tag-sports","13":"tag-svenska","14":"tag-sverige","15":"tag-sweden","16":"tag-swedish"},"share_on_mastodon":{"url":"","error":""},"_links":{"self":[{"href":"https:\/\/www.europesays.com\/se\/wp-json\/wp\/v2\/posts\/18914","targetHints":{"allow":["GET"]}}],"collection":[{"href":"https:\/\/www.europesays.com\/se\/wp-json\/wp\/v2\/posts"}],"about":[{"href":"https:\/\/www.europesays.com\/se\/wp-json\/wp\/v2\/types\/post"}],"author":[{"embeddable":true,"href":"https:\/\/www.europesays.com\/se\/wp-json\/wp\/v2\/users\/2"}],"replies":[{"embeddable":true,"href":"https:\/\/www.europesays.com\/se\/wp-json\/wp\/v2\/comments?post=18914"}],"version-history":[{"count":0,"href":"https:\/\/www.europesays.com\/se\/wp-json\/wp\/v2\/posts\/18914\/revisions"}],"wp:featuredmedia":[{"embeddable":true,"href":"https:\/\/www.europesays.com\/se\/wp-json\/wp\/v2\/media\/18915"}],"wp:attachment":[{"href":"https:\/\/www.europesays.com\/se\/wp-json\/wp\/v2\/media?parent=18914"}],"wp:term":[{"taxonomy":"category","embeddable":true,"href":"https:\/\/www.europesays.com\/se\/wp-json\/wp\/v2\/categories?post=18914"},{"taxonomy":"post_tag","embeddable":true,"href":"https:\/\/www.europesays.com\/se\/wp-json\/wp\/v2\/tags?post=18914"}],"curies":[{"name":"wp","href":"https:\/\/api.w.org\/{rel}","templated":true}]}}