{"id":18927,"date":"2025-09-01T09:09:39","date_gmt":"2025-09-01T09:09:39","guid":{"rendered":"https:\/\/www.europesays.com\/se\/18927\/"},"modified":"2025-09-01T09:09:39","modified_gmt":"2025-09-01T09:09:39","slug":"forskolan-tar-ut-miljoner-men-ransonerar-bregott","status":"publish","type":"post","link":"https:\/\/www.europesays.com\/se\/18927\/","title":{"rendered":"F\u00f6rskolan tar ut miljoner men ransonerar Bregott"},"content":{"rendered":"<p>Den snabbt v\u00e4xande f\u00f6rskolekoncernen Hagvidson tar ut miljoner i vinst. Samtidigt ransoneras Bregott och p\u00e5l\u00e4gg till barnen, rapporterar Aftonbladet.<\/p>\n<p>I ett protokoll som skickats ut till anst\u00e4llda framg\u00e5r det att barnen anses ha f\u00f6r mycket sm\u00f6r p\u00e5 mackorna. Pedagogerna uppmanas att portionera ut Bregott till barnen. Max ett p\u00e5l\u00e4gg per sm\u00f6rg\u00e5s \u00e4r till\u00e5tet.<\/p>\n<p>\u2013 Barnen f\u00e5r en halv ostskiva eller en halv tunn skiva kalkon p\u00e5 sm\u00f6rg\u00e5sen och \u00e4ter max tv\u00e5 skivor br\u00f6d, en mjuk och en h\u00e5rd per dag, \u00e4nd\u00e5 verkar det vara f\u00f6r mycket, s\u00e4ger en pedagog till tidningen.<\/p>\n<p>Hagvidsons vd och del\u00e4garen Michael Enghag har inte l\u00e5tit sig intervjuas.<\/p>\n<p>Omni \u00e4r politiskt obundna och oberoende. Vi str\u00e4var efter att ge fler perspektiv p\u00e5 nyheterna. Har du fr\u00e5gor eller synpunkter kring v\u00e5r rapportering? <a href=\"https:\/\/omni.se\/forskolekoncern-tar-ut-miljoner-men-ransonerar-bregott\/a\/mailto:redaktion@omni.se\" class=\"ArticleActions_contactLink__W2F1M\" rel=\"nofollow noopener\" target=\"_blank\">Kontakta redaktionen<\/a><\/p>\n","protected":false},"excerpt":{"rendered":"Den snabbt v\u00e4xande f\u00f6rskolekoncernen Hagvidson tar ut miljoner i vinst. Samtidigt ransoneras Bregott och p\u00e5l\u00e4gg till barnen, rapporterar&hellip;\n","protected":false},"author":2,"featured_media":18928,"comment_status":"","ping_status":"","sticky":false,"template":"","format":"standard","meta":{"footnotes":""},"categories":[5],"tags":[223,22,23,26,27,17,21,24,25,28,29,15,16,18,34,982,31,33,32,30,19,20],"class_list":{"0":"post-18927","1":"post","2":"type-post","3":"status-publish","4":"format-standard","5":"has-post-thumbnail","7":"category-rubriker","8":"tag-barn-unga","9":"tag-breaking-news","10":"tag-breakingnews","11":"tag-featured-news","12":"tag-featurednews","13":"tag-headlines","14":"tag-huvudnyheter","15":"tag-latest-news","16":"tag-latestnews","17":"tag-main-news","18":"tag-mainnews","19":"tag-news","20":"tag-nyheter","21":"tag-rubriker","22":"tag-se","23":"tag-skola-utbildning","24":"tag-svenska","25":"tag-sverige","26":"tag-sweden","27":"tag-swedish","28":"tag-top-stories","29":"tag-topstories"},"share_on_mastodon":{"url":"","error":""},"_links":{"self":[{"href":"https:\/\/www.europesays.com\/se\/wp-json\/wp\/v2\/posts\/18927","targetHints":{"allow":["GET"]}}],"collection":[{"href":"https:\/\/www.europesays.com\/se\/wp-json\/wp\/v2\/posts"}],"about":[{"href":"https:\/\/www.europesays.com\/se\/wp-json\/wp\/v2\/types\/post"}],"author":[{"embeddable":true,"href":"https:\/\/www.europesays.com\/se\/wp-json\/wp\/v2\/users\/2"}],"replies":[{"embeddable":true,"href":"https:\/\/www.europesays.com\/se\/wp-json\/wp\/v2\/comments?post=18927"}],"version-history":[{"count":0,"href":"https:\/\/www.europesays.com\/se\/wp-json\/wp\/v2\/posts\/18927\/revisions"}],"wp:featuredmedia":[{"embeddable":true,"href":"https:\/\/www.europesays.com\/se\/wp-json\/wp\/v2\/media\/18928"}],"wp:attachment":[{"href":"https:\/\/www.europesays.com\/se\/wp-json\/wp\/v2\/media?parent=18927"}],"wp:term":[{"taxonomy":"category","embeddable":true,"href":"https:\/\/www.europesays.com\/se\/wp-json\/wp\/v2\/categories?post=18927"},{"taxonomy":"post_tag","embeddable":true,"href":"https:\/\/www.europesays.com\/se\/wp-json\/wp\/v2\/tags?post=18927"}],"curies":[{"name":"wp","href":"https:\/\/api.w.org\/{rel}","templated":true}]}}