{"id":190185,"date":"2026-03-14T06:49:46","date_gmt":"2026-03-14T06:49:46","guid":{"rendered":"https:\/\/www.europesays.com\/se\/190185\/"},"modified":"2026-03-14T06:49:46","modified_gmt":"2026-03-14T06:49:46","slug":"vi-salde-var-sjal-redan-pa-tido-slott","status":"publish","type":"post","link":"https:\/\/www.europesays.com\/se\/190185\/","title":{"rendered":"Vi s\u00e5lde v\u00e5r sj\u00e4l redan p\u00e5 Tid\u00f6 slott"},"content":{"rendered":"<p>Publicerad 13 mar 2026 kl 12.45<\/p>\n<p>Liberalernas partistyrelse f\u00f6rhandlar om att v\u00e4lkomna SD i en eventuell regering i h\u00f6st.\u00a0<\/p>\n<p>Jakob Olofsg\u00e5rd, riksdagsledamot och pastor, v\u00e4djar till sitt parti att l\u00e5ta bli.<\/p>\n<p><img   alt=\"\"\/><\/p>\n<p>Simona Mohamsson p\u00e5 v\u00e4g in till fredagens f\u00f6rhandlingar.<\/p>\n<p>Foto: Fredrik Sandberg\/TT \/ TT NYHETSBYR\u00c5N<\/p>\n<p>\u00d6ppna bild i helsk\u00e4rm<img loading=\"lazy\"   alt=\"\"\/><\/p>\n<p>En glad Jimmie \u00c5kesson kan snart f\u00e5 mer att fira.<\/p>\n<p>Foto: Johan Nilsson\/TT \/ TT NYHETSBYR\u00c5N<\/p>\n<p>\u00d6ppna bild i helsk\u00e4rm<img loading=\"lazy\"   alt=\"\"\/><\/p>\n<p>Jakob Olofsg\u00e5rd \u00e4r riksdagsledamot f\u00f6r Liberalerna och pastor i Equmeniakyrkan.<\/p>\n<p>Foto: Magnus Fr\u00f6derberg \/ Liberalerna<\/p>\n<p>\u00d6ppna bild i helsk\u00e4rm<\/p>\n<p><strong>KULTURDEBATT. <\/strong>F\u00f6r tv\u00e5 \u00e5r sedan tog jag farv\u00e4l av folkpartisten och den tidigare utbildningsministern <strong>Jan-Erik Wikstr\u00f6m<\/strong>. Begravningen h\u00f6lls i Immanuelskyrkan i Stockholm, den f\u00f6rsamling i Equmeniakyrkan d\u00e4r Wikstr\u00f6m var aktiv och under n\u00e5gra \u00e5r \u00e4ven ordf\u00f6rande.<\/p>\n<p>I det som visade sig bli hans sista intervju efterlyste Wikstr\u00f6m Sveriges samvete: \u201dVi har varit en nation med samvete. Nu g\u00e4ller det att vi v\u00e5gar uppliva samvetet.\u201d (DN 9\/10\u201322)<\/p>\n<p>I dag har jag tv\u00e5 roller. Jag \u00e4r vald ledamot av Sveriges riksdag och samtidigt ordinerad pastor i Equmeniakyrkan. Jag \u00e4r b\u00e5da samtidigt, men den senaste tidens inhumana utvisningar \u2013 eller snarare deportationer \u2013 av barn, ton\u00e5ringar och v\u00e4lintegrerade, h\u00e5rt arbetande m\u00e4nniskor har skapat ett skav p\u00e5 ett djupt, existentiellt plan.<\/p>\n<p>F\u00f6r n\u00e5gon vecka sedan, samtidigt som intensiva politiska samtal om ton\u00e5rsutvisningarna p\u00e5gick, inleddes den kristna fastan. P\u00e5 askonsdagen deltog jag i en m\u00e4ssa i Immanuelskyrkan. Den h\u00f6lls p\u00e5 tre olika spr\u00e5k och gudstj\u00e4nstrummet var fyllt av m\u00e4nniskor med betydligt fler etniska bakgrunder \u00e4n s\u00e5.<\/p>\n<blockquote><p>Inget \u00e4r perfekt, och politiken \u00e4r inget undantag.<\/p><\/blockquote>\n<p>D\u00e4r p\u00e5mindes jag om Wikstr\u00f6ms ord om v\u00e5rt lands samvete \u2013 och om mitt eget. Jag t\u00e4nkte p\u00e5 de m\u00e4nniskor som f\u00e5tt sina utvisningsbeslut. Jag sk\u00e4mdes. Min b\u00f6n, mitt kyrie, gick den kv\u00e4llen till dem.<\/p>\n<p>Politikens uppgift \u00e4r att stifta lagar, men den kristna trons r\u00e4ttesn\u00f6re \u00e4r Bibeln \u2013 skriven av m\u00e4nniskor, inspirerad av Gud. F\u00f6r mig som pastor och politiker \u00e4r skillnaden denna: lagen ska jag, tillsammans med alla andra i v\u00e5rt land, f\u00f6lja. Bibeln \u00e4r min v\u00e4gledare som kristen och den st\u00e4ller ofr\u00e5nkomligen etiska krav p\u00e5 mig.<\/p>\n<p>Vi lever i en ofullkomlig v\u00e4rld. Inget \u00e4r perfekt, och politiken \u00e4r inget undantag. Alla som g\u00e5r in i politiken vet att de kommer beh\u00f6va fatta beslut som skaver, eftersom politiken \u00e4r kompromissens konst. Men jag f\u00e5r aldrig anpassa Bibeln till min egen kapacitet eller det som \u00e4r politiskt g\u00e5ngbart f\u00f6r tillf\u00e4llet. Bibeln representerar i st\u00e4llet n\u00e5got som jag st\u00e4ndigt str\u00e4cker mig mot.<\/p>\n<p>D\u00e4rf\u00f6r f\u00e5r jag, som kristen politiker, aldrig f\u00f6rneka dess krav p\u00e5 mig. Att motivera en inhuman politik med Bibeln vore att anv\u00e4nda den kristna tron som Jesus-washing.<\/p>\n<blockquote><p>Det borde vara en v\u00e4ckarklocka.<\/p><\/blockquote>\n<p>Bakom de senaste \u00e5rets utvisningar av unga och v\u00e4lintegrerade m\u00e4nniskor ligger, som alla vet, f\u00f6rhandlingar med ett parti som har en annan v\u00e4rdegrund och andra ideal \u00e4n mitt. Men som kristen politiker ser jag likv\u00e4l resultatet som ett moraliskt misslyckande.<\/p>\n<p>Att mitt parti, Liberalerna, drev p\u00e5 f\u00f6r att skapat en paus i ton\u00e5rsutvisningarna och arbetar p\u00e5 en ventil, \u00e4r som jag ser det ett f\u00f6rs\u00f6k att str\u00e4cka sig mot Bibelns ord: \u201dFr\u00e4mlingen som bor ibland er ska r\u00e4knas som en inf\u00f6dd hos er\u201d (3 Mos. 19:34). Men att utvisningarna \u00e4nd\u00e5 forts\u00e4tter \u00e4r samtidigt en sm\u00e4rtsam p\u00e5minnelse om de egna tillkortakommandena.<\/p>\n<p>Annons<\/p>\n<p>De senaste m\u00e5naderna har vi sett de brutala konsekvenserna av samarbetet med <a href=\"https:\/\/www.expressen.se\/tagg\/organization\/sverigedemokraterna\/\" class=\"\" rel=\"nofollow noopener\" target=\"_blank\">Sverigedemokraterna<\/a>. Det borde vara en v\u00e4ckarklocka som f\u00e5r oss att inse att id\u00e9n om att regera tillsammans med ett etnonationalistiskt parti aldrig f\u00e5r f\u00f6rverkligas.<\/p>\n<p>Men n\u00e4r jag skriver detta m\u00f6ts likv\u00e4l Liberalernas partistyrelse p\u00e5 Bergendals kursg\u00e5rd i Sollentuna f\u00f6r att fatta beslut om ett regeringssamarbete med SD. Detta f\u00e5r inte ske. Tv\u00e4rtom m\u00e5ste Liberalerna st\u00e5 fast vid sitt beslut att inte sl\u00e4ppa in SD i regeringen.<\/p>\n<p>Vi s\u00e5lde v\u00e5rt samvete p\u00e5 Tid\u00f6 slott. F\u00f6r mig som politiker \u00e4r m\u00e5let nu att g\u00f6ra mitt yttersta f\u00f6r att Sverige och Liberalerna ska vinna tillbaka sitt samvete \u2013 samtidigt som jag, som kristen, ber en b\u00f6n om att Sverige ska v\u00e4lja barmh\u00e4rtighet.<\/p>\n<p><strong>Av Jakob Olofsg\u00e5rd<\/strong><\/p>\n<p>Jakob Olofsg\u00e5rd \u00e4r riksdagsledamot (L) och pastor i Equmeniakyrkan.<\/p>\n","protected":false},"excerpt":{"rendered":"Publicerad 13 mar 2026 kl 12.45 Liberalernas partistyrelse f\u00f6rhandlar om att v\u00e4lkomna SD i en eventuell regering i&hellip;\n","protected":false},"author":2,"featured_media":190186,"comment_status":"","ping_status":"","sticky":false,"template":"","format":"standard","meta":{"footnotes":"","_share_on_mastodon":"0"},"categories":[5],"tags":[22,23,26,27,17,21,24,25,2486,28,29,15,16,618,38,944,650,18,34,106,31,33,32,30,19,20],"class_list":["post-190185","post","type-post","status-publish","format-standard","has-post-thumbnail","category-rubriker","tag-breaking-news","tag-breakingnews","tag-featured-news","tag-featurednews","tag-headlines","tag-huvudnyheter","tag-latest-news","tag-latestnews","tag-location-sollentuna","tag-main-news","tag-mainnews","tag-news","tag-nyheter","tag-organization-liberalerna","tag-organization-sverigedemokraterna","tag-person-jimmie-akesson","tag-person-simona-mohamsson","tag-rubriker","tag-se","tag-sections-ide","tag-svenska","tag-sverige","tag-sweden","tag-swedish","tag-top-stories","tag-topstories"],"share_on_mastodon":{"url":"https:\/\/pubeurope.com\/@se\/116226199792874703","error":""},"_links":{"self":[{"href":"https:\/\/www.europesays.com\/se\/wp-json\/wp\/v2\/posts\/190185","targetHints":{"allow":["GET"]}}],"collection":[{"href":"https:\/\/www.europesays.com\/se\/wp-json\/wp\/v2\/posts"}],"about":[{"href":"https:\/\/www.europesays.com\/se\/wp-json\/wp\/v2\/types\/post"}],"author":[{"embeddable":true,"href":"https:\/\/www.europesays.com\/se\/wp-json\/wp\/v2\/users\/2"}],"replies":[{"embeddable":true,"href":"https:\/\/www.europesays.com\/se\/wp-json\/wp\/v2\/comments?post=190185"}],"version-history":[{"count":0,"href":"https:\/\/www.europesays.com\/se\/wp-json\/wp\/v2\/posts\/190185\/revisions"}],"wp:featuredmedia":[{"embeddable":true,"href":"https:\/\/www.europesays.com\/se\/wp-json\/wp\/v2\/media\/190186"}],"wp:attachment":[{"href":"https:\/\/www.europesays.com\/se\/wp-json\/wp\/v2\/media?parent=190185"}],"wp:term":[{"taxonomy":"category","embeddable":true,"href":"https:\/\/www.europesays.com\/se\/wp-json\/wp\/v2\/categories?post=190185"},{"taxonomy":"post_tag","embeddable":true,"href":"https:\/\/www.europesays.com\/se\/wp-json\/wp\/v2\/tags?post=190185"}],"curies":[{"name":"wp","href":"https:\/\/api.w.org\/{rel}","templated":true}]}}