{"id":19030,"date":"2025-09-01T10:51:11","date_gmt":"2025-09-01T10:51:11","guid":{"rendered":"https:\/\/www.europesays.com\/se\/19030\/"},"modified":"2025-09-01T10:51:11","modified_gmt":"2025-09-01T10:51:11","slug":"test-asus-proart-pa27ucge-med-avgorande-svaghet","status":"publish","type":"post","link":"https:\/\/www.europesays.com\/se\/19030\/","title":{"rendered":"Test: ASUS ProArt PA27UCGE &#8211; med avg\u00f6rande svaghet"},"content":{"rendered":"<p>\n          Har du insett att en laptop-sk\u00e4rm inte \u00e4r ett bra alternativ f\u00f6r bildarbete och nu letar du efter en prisv\u00e4rd extern bildsk\u00e4rm som g\u00e5r att kalibrera? P\u00e5 papperet ser ASUS ProArt PA27UCGE ut som en m\u00f6jlig kandidat, men panelens oj\u00e4mnhet oroar.        <\/p>\n<p><img decoding=\"async\" src=\"https:\/\/www.fotosidan.se\/images\/fslogo_black.svg\" width=\"100\" height=\"auto\" style=\"float:right;\"\/><\/p>\n<p><b> 20 kr<\/b><\/p>\n<p>f\u00f6r en m\u00e5nad\n      <\/p>\n<p>Redan Plus? <a href=\"https:\/\/www.fotosidan.se\/login.htm\" target=\"_blank\" rel=\"nofollow noopener\">Logga in<\/a> s\u00e5 kan du l\u00e4sa denna artikel.<\/p>\n<p>Direkt efter genomf\u00f6rd best\u00e4llning s\u00e5 kan du l\u00e4sa denna artikel.<\/p>\n<p>Dessutom f\u00e5r du som Plus-medlem:<\/p>\n<p>* Best\u00e4llningen g\u00e4ller ett l\u00f6pande medlemskap om en m\u00e5nad och som sedan automatiskt f\u00f6rl\u00e4ngs med tv\u00e5 m\u00e5nader i taget f\u00f6r 79 kr. Ingen upps\u00e4gningstid men betald avgift betalas inte tillbaka. Du s\u00e4ger upp enkelt online.<\/p>\n","protected":false},"excerpt":{"rendered":"Har du insett att en laptop-sk\u00e4rm inte \u00e4r ett bra alternativ f\u00f6r bildarbete och nu letar du efter&hellip;\n","protected":false},"author":2,"featured_media":19031,"comment_status":"","ping_status":"","sticky":false,"template":"","format":"standard","meta":{"footnotes":""},"categories":[66],"tags":[2415,2416,2417,2418,80,78,79,34,31,33,32,30,81,84,1173,83,82],"class_list":{"0":"post-19030","1":"post","2":"type-post","3":"status-publish","4":"format-standard","5":"has-post-thumbnail","7":"category-vetenskap-och-teknik","8":"tag-asus","9":"tag-bildskarmar","10":"tag-bildskarmskalibrator","11":"tag-monitorer","12":"tag-science","13":"tag-science-and-technology","14":"tag-scienceandtechnology","15":"tag-se","16":"tag-svenska","17":"tag-sverige","18":"tag-sweden","19":"tag-swedish","20":"tag-technology","21":"tag-teknik","22":"tag-test","23":"tag-vetenskap","24":"tag-vetenskapteknik"},"share_on_mastodon":{"url":"","error":""},"_links":{"self":[{"href":"https:\/\/www.europesays.com\/se\/wp-json\/wp\/v2\/posts\/19030","targetHints":{"allow":["GET"]}}],"collection":[{"href":"https:\/\/www.europesays.com\/se\/wp-json\/wp\/v2\/posts"}],"about":[{"href":"https:\/\/www.europesays.com\/se\/wp-json\/wp\/v2\/types\/post"}],"author":[{"embeddable":true,"href":"https:\/\/www.europesays.com\/se\/wp-json\/wp\/v2\/users\/2"}],"replies":[{"embeddable":true,"href":"https:\/\/www.europesays.com\/se\/wp-json\/wp\/v2\/comments?post=19030"}],"version-history":[{"count":0,"href":"https:\/\/www.europesays.com\/se\/wp-json\/wp\/v2\/posts\/19030\/revisions"}],"wp:featuredmedia":[{"embeddable":true,"href":"https:\/\/www.europesays.com\/se\/wp-json\/wp\/v2\/media\/19031"}],"wp:attachment":[{"href":"https:\/\/www.europesays.com\/se\/wp-json\/wp\/v2\/media?parent=19030"}],"wp:term":[{"taxonomy":"category","embeddable":true,"href":"https:\/\/www.europesays.com\/se\/wp-json\/wp\/v2\/categories?post=19030"},{"taxonomy":"post_tag","embeddable":true,"href":"https:\/\/www.europesays.com\/se\/wp-json\/wp\/v2\/tags?post=19030"}],"curies":[{"name":"wp","href":"https:\/\/api.w.org\/{rel}","templated":true}]}}