{"id":19041,"date":"2025-09-01T10:58:14","date_gmt":"2025-09-01T10:58:14","guid":{"rendered":"https:\/\/www.europesays.com\/se\/19041\/"},"modified":"2025-09-01T10:58:14","modified_gmt":"2025-09-01T10:58:14","slug":"prinsessan-madeleine-lanserar-hudvard-for-barn-dottern-leonore-testade-allt","status":"publish","type":"post","link":"https:\/\/www.europesays.com\/se\/19041\/","title":{"rendered":"Prinsessan Madeleine lanserar hudv\u00e5rd f\u00f6r barn \u2013 dottern Leonore testade allt"},"content":{"rendered":"<p>Publicerad 1 sep 2025 kl 12.00Uppdaterad kl 12.53<\/p>\n<p>Prinsessan Madeleines nya hudv\u00e5rd f\u00f6r barn \u00e4r h\u00e4r \u2013 och bakom succ\u00e9n d\u00f6ljer sig ett hemligt vapen: dottern Leonore, 11. Hon testade, tyckte till och ratade direkt om en doft k\u00e4ndes f\u00f6r vuxen.<\/p>\n<p>\u2013 Hon var v\u00e4ldigt involverad och gav tydlig feedback, ber\u00e4ttar Madeleine.\u00a0<\/p>\n<p>Dela artikel<\/p>\n<p>Kopiera l\u00e4nk<\/p>\n<p>L\u00e4nk kopierad<\/p>\n<p><a href=\"https:\/\/static.bonniernews.se\/images\/ed\/fc\/edfcd5012f7649a9a9e1ce700df9d693\/16x9\/2560.png\" target=\"_blank\" rel=\"noopener noreferrer nofollow\"><img   alt=\"Leonore har varit med n\u00e4r Madeleines nya kr\u00e4mer tagits fram.\"\/><\/a><\/p>\n<p>Leonore har varit med n\u00e4r Madeleines nya kr\u00e4mer tagits fram. Foto: Prinsessan Madeleine\/Instagram\/MAGNUS LEJHALL<\/p>\n<p>Intresset f\u00f6r hudv\u00e5rd har \u00f6kat kraftigt bland unga de senaste \u00e5ren, inte minst p\u00e5 sociala medier. Nu kliver prinsessan Madeleine in p\u00e5 marknaden \u2013 med dottern Leonore som sitt hemliga vapen.<\/p>\n<p>Redan i juni samlades en utvald skara journalister och influencers p\u00e5 Ulriksdals slottsomr\u00e5de i Solna. Vi fick dofta och k\u00e4nna p\u00e5 kr\u00e4mer, lotioner och schampon \u2013 riktade till barn och unga mellan \u00e5tta och sexton \u00e5r.\u00a0<\/p>\n<p>Men n\u00e5gra prover f\u00f6r att testa produkterna under l\u00e4ngre tid delades inte ut.<\/p>\n<p>P\u00e5 scen ber\u00e4ttade Madeleine \u2013om kampen f\u00f6r att hitta hudv\u00e5rd till barn med k\u00e4nslig hud. Hon saknade bra produkter och tog sj\u00e4lv kontakt med schweiziska Weleda.<\/p>\n<p>\u2013 Jag ville skapa n\u00e5got som jag sj\u00e4lv saknade n\u00e4r jag letade hudv\u00e5rd \u00e5t Leonore.<\/p>\n<p><a href=\"https:\/\/static.bonniernews.se\/images\/68\/01\/680109a9346e41ccb15b969942782ca0\/annan\/2560.png\" target=\"_blank\" rel=\"noopener noreferrer nofollow\"><img loading=\"lazy\"   alt=\"Inf\u00f6r lanseringseventet skickades strikta riktlinjer: inga ingredienser eller recensioner fick publiceras innan den 1 september, endast personliga intryck som dofter, konsistenser och k\u00e4nslan av produkterna.\"\/><\/a><\/p>\n<p>Inf\u00f6r lanseringseventet skickades strikta riktlinjer: inga ingredienser eller recensioner fick publiceras innan den 1 september, endast personliga intryck som dofter, konsistenser och k\u00e4nslan av produkterna. Foto: MAGNUS LEJHALL<\/p>\n<p>Madeleine f\u00f6rklarade att Leonore hade en aktiv roll under utvecklingen.<\/p>\n<p>\u2013 Hon var v\u00e4ldigt involverad och gav tydlig feedback. Om en doft k\u00e4ndes \u201df\u00f6r vuxen\u201d eller en konsistens inte passade, sa hon till. Det hj\u00e4lpte oss faktiskt att f\u00f6rb\u00e4ttra produkterna.<\/p>\n<p>\u2013 Annars tycker hon mest om h\u00e4star \u2013 hon rider s\u00e5 ofta hon kan och har ett stort intresse f\u00f6r djur, lade Madeleine till.<\/p>\n<p>Madeleines eget intresse f\u00f6r hudv\u00e5rd b\u00f6rjade tidigt \u2013 men hon anv\u00e4nde helt fel produkter.<\/p>\n<p>\u2013 Jag anv\u00e4nde alldeles f\u00f6r starka produkter i tron att mer reng\u00f6ring gav klarare hud. Jag f\u00f6rstod inte vikten av balans eller visste n\u00e5got om hudbarri\u00e4ren.<\/p>\n<p>Med \u00e5ren, och i rollen som mamma, har intresset f\u00f6rdjupats.<\/p>\n<p>\u2013 Jag har insett hur viktigt det \u00e4r att vara noggrann och medveten, s\u00e4rskilt n\u00e4r det g\u00e4ller ung och k\u00e4nslig hud.<\/p>\n<p>Jobbar vidare med Childhood foundation\u00a0<\/p>\n<p>Efter flera \u00e5r i Florida har Madeleine och familjen nu flyttat hem till Sverige igen. De bor i en v\u00e5ning vid hovstallet p\u00e5 \u00d6stermalm i Stockholm. Familjen best\u00e5r av maken Chris O\u2019Neill och barnen Leonore, Nicolas, 9, och Adrienne, 7. Vardagen \u00e4r fylld av rutiner som kretsar kring familjepusslet \u2013 packa ryggs\u00e4ckar till skolan och skjutsa till aktiviteter. Madeleine har sj\u00e4lv sagt att livet hemma inte skiljer sig s\u00e5 mycket fr\u00e5n andra sm\u00e5barnsfamiljers, och att flytten varit en stor omst\u00e4llning men att barnen trivs bra.<\/p>\n<p><a href=\"https:\/\/static.bonniernews.se\/images\/a0\/a4\/a0a4df67a9c24c0fa49bb422ff88c472\/annan\/2560.png\" target=\"_blank\" rel=\"noopener noreferrer nofollow\"><img loading=\"lazy\"   alt=\"\u00c4ven Chris O\u2019Neill \u00e4r involverad i hudv\u00e5rdssatsningen.\"\/><\/a><\/p>\n<p>\u00c4ven Chris O\u2019Neill \u00e4r involverad i hudv\u00e5rdssatsningen. Foto: MAGNUS LEJHALL\/TT<\/p>\n<p>Sedan 2021 f\u00e5r Madeleine inte l\u00e4ngre n\u00e5got apanage och har inga officiella kungliga uppdrag, \u00e4ven om hon och barnen ibland syns vid st\u00f6rre familjeh\u00f6gtider. Hon \u00e4r d\u00e4remot fortsatt engagerad i World Childhood Foundation, d\u00e4r hon \u00e4r vice hedersordf\u00f6rande och styrelseledamot, och arbetar \u00e4ven med organisationen Min Stora Dag.<\/p>\n<p>Hudv\u00e5rdssatsningen \u00e4r inte bara Madeleines projekt. Maken Chris O\u2019Neill sk\u00f6ter aff\u00e4rsdelen och \u00e4r styrelseordf\u00f6rande i MinLen Holding AB, det svenska bolag som st\u00e5r bakom produkterna.<\/p>\n<p>\u2013 Madeleine har fokuserat p\u00e5 produkterna och visionen, jag har tagit hand om siffrorna, sa Chris under lanseringen.<\/p>\n<p>N\u00e4r Minlen-satsningen avsl\u00f6jades i v\u00e5ras blev det storm. Kritiker menade att kungahusets varum\u00e4rke riskerade att ta skada. B\u00e5de hovet och Madeleine slog tillbaka mot kritiken. Hudv\u00e5rdssatsningen g\u00f6r hon inte som prinsessa.<\/p>\n<p class=\"readmore-link\"><strong>L\u00c4S MER: <\/strong><a href=\"https:\/\/mama.expressen.se\/mamaliv\/stjarnmammor\/prinsessan-madeleines-nya-mammaliv-i-sverige\/\" rel=\"nofollow noopener\" target=\"_blank\">Prinsessan Madeleines nya mammaliv i Sverige<\/a><\/p>\n<p><a href=\"https:\/\/mama.expressen.se\/mamaliv\/stjarnmammor\/exklusiv-intervju-med-prinsessan-madeleine-om-chris-och-barnen\/\" data-click-url=\"https:\/\/mama.expressen.se\/mamaliv\/stjarnmammor\/exklusiv-intervju-med-prinsessan-madeleine-om-chris-och-barnen\/\" data-t-type=\"c-t\" data-t-label=\"bodyText-link\" class=\"js-ct\" rel=\"nofollow noopener\" target=\"_blank\">Exklusiv intervju med prinsessan Madeleine: \u201dJag vill vara hemma med barnen s\u00e5 mycket det g\u00e5r!\u201d<\/a>\u00a0<\/p>\n","protected":false},"excerpt":{"rendered":"Publicerad 1 sep 2025 kl 12.00Uppdaterad kl 12.53 Prinsessan Madeleines nya hudv\u00e5rd f\u00f6r barn \u00e4r h\u00e4r \u2013 och&hellip;\n","protected":false},"author":2,"featured_media":19042,"comment_status":"","ping_status":"","sticky":false,"template":"","format":"standard","meta":{"footnotes":""},"categories":[67],"tags":[2420,104,2419,2422,2421,34,31,33,32,30,105],"class_list":{"0":"post-19041","1":"post","2":"type-post","3":"status-publish","4":"format-standard","5":"has-post-thumbnail","7":"category-underhallning","8":"tag-barnhalsa","9":"tag-entertainment","10":"tag-hudvardsrutin","11":"tag-prinsessan-leonore","12":"tag-prinsessan-madeleine","13":"tag-se","14":"tag-svenska","15":"tag-sverige","16":"tag-sweden","17":"tag-swedish","18":"tag-underhallning"},"share_on_mastodon":{"url":"","error":""},"_links":{"self":[{"href":"https:\/\/www.europesays.com\/se\/wp-json\/wp\/v2\/posts\/19041","targetHints":{"allow":["GET"]}}],"collection":[{"href":"https:\/\/www.europesays.com\/se\/wp-json\/wp\/v2\/posts"}],"about":[{"href":"https:\/\/www.europesays.com\/se\/wp-json\/wp\/v2\/types\/post"}],"author":[{"embeddable":true,"href":"https:\/\/www.europesays.com\/se\/wp-json\/wp\/v2\/users\/2"}],"replies":[{"embeddable":true,"href":"https:\/\/www.europesays.com\/se\/wp-json\/wp\/v2\/comments?post=19041"}],"version-history":[{"count":0,"href":"https:\/\/www.europesays.com\/se\/wp-json\/wp\/v2\/posts\/19041\/revisions"}],"wp:featuredmedia":[{"embeddable":true,"href":"https:\/\/www.europesays.com\/se\/wp-json\/wp\/v2\/media\/19042"}],"wp:attachment":[{"href":"https:\/\/www.europesays.com\/se\/wp-json\/wp\/v2\/media?parent=19041"}],"wp:term":[{"taxonomy":"category","embeddable":true,"href":"https:\/\/www.europesays.com\/se\/wp-json\/wp\/v2\/categories?post=19041"},{"taxonomy":"post_tag","embeddable":true,"href":"https:\/\/www.europesays.com\/se\/wp-json\/wp\/v2\/tags?post=19041"}],"curies":[{"name":"wp","href":"https:\/\/api.w.org\/{rel}","templated":true}]}}