{"id":19047,"date":"2025-09-01T11:06:19","date_gmt":"2025-09-01T11:06:19","guid":{"rendered":"https:\/\/www.europesays.com\/se\/19047\/"},"modified":"2025-09-01T11:06:19","modified_gmt":"2025-09-01T11:06:19","slug":"stora-storningar-pa-tunnelbanans-bla-linje","status":"publish","type":"post","link":"https:\/\/www.europesays.com\/se\/19047\/","title":{"rendered":"Stora st\u00f6rningar p\u00e5 tunnelbanans bl\u00e5 linje"},"content":{"rendered":"<p>Det \u00e4r f\u00f6rseningar och inst\u00e4llda avg\u00e5ngar p\u00e5 Stockholms tunnelbanas bl\u00e5 linje efter ett vagnfel p\u00e5 linje 11, skriver SL p\u00e5 sin hemsida. <\/p>\n<p>Felet g\u00f6r att alla t\u00e5g mellan V\u00e4stra Skogen och Hallonbergen m\u00e5ste samsas p\u00e5 ett sp\u00e5r. <\/p>\n<p>Det finns inga uppgifter om n\u00e4r st\u00f6rningarna kan vara avv\u00e4rjda.<\/p>\n<p>Omni \u00e4r politiskt obundna och oberoende. Vi str\u00e4var efter att ge fler perspektiv p\u00e5 nyheterna. Har du fr\u00e5gor eller synpunkter kring v\u00e5r rapportering? <a href=\"https:\/\/omni.se\/stora-storningar-pa-tunnelbanans-bla-linje\/a\/mailto:redaktion@omni.se\" class=\"ArticleActions_contactLink__W2F1M\" rel=\"nofollow noopener\" target=\"_blank\">Kontakta redaktionen<\/a><\/p>\n","protected":false},"excerpt":{"rendered":"Det \u00e4r f\u00f6rseningar och inst\u00e4llda avg\u00e5ngar p\u00e5 Stockholms tunnelbanas bl\u00e5 linje efter ett vagnfel p\u00e5 linje 11, skriver&hellip;\n","protected":false},"author":2,"featured_media":19048,"comment_status":"","ping_status":"","sticky":false,"template":"","format":"standard","meta":{"footnotes":""},"categories":[14],"tags":[22,23,26,27,17,21,24,25,28,29,15,16,18,34,258,127,31,33,32,30,19,20,366,51,52,53,54],"class_list":{"0":"post-19047","1":"post","2":"type-post","3":"status-publish","4":"format-standard","5":"has-post-thumbnail","7":"category-varlden","8":"tag-breaking-news","9":"tag-breakingnews","10":"tag-featured-news","11":"tag-featurednews","12":"tag-headlines","13":"tag-huvudnyheter","14":"tag-latest-news","15":"tag-latestnews","16":"tag-main-news","17":"tag-mainnews","18":"tag-news","19":"tag-nyheter","20":"tag-rubriker","21":"tag-se","22":"tag-stockholm","23":"tag-stockholms-lan","24":"tag-svenska","25":"tag-sverige","26":"tag-sweden","27":"tag-swedish","28":"tag-top-stories","29":"tag-topstories","30":"tag-trafik","31":"tag-varlden","32":"tag-world","33":"tag-world-news","34":"tag-worldnews"},"share_on_mastodon":{"url":"","error":""},"_links":{"self":[{"href":"https:\/\/www.europesays.com\/se\/wp-json\/wp\/v2\/posts\/19047","targetHints":{"allow":["GET"]}}],"collection":[{"href":"https:\/\/www.europesays.com\/se\/wp-json\/wp\/v2\/posts"}],"about":[{"href":"https:\/\/www.europesays.com\/se\/wp-json\/wp\/v2\/types\/post"}],"author":[{"embeddable":true,"href":"https:\/\/www.europesays.com\/se\/wp-json\/wp\/v2\/users\/2"}],"replies":[{"embeddable":true,"href":"https:\/\/www.europesays.com\/se\/wp-json\/wp\/v2\/comments?post=19047"}],"version-history":[{"count":0,"href":"https:\/\/www.europesays.com\/se\/wp-json\/wp\/v2\/posts\/19047\/revisions"}],"wp:featuredmedia":[{"embeddable":true,"href":"https:\/\/www.europesays.com\/se\/wp-json\/wp\/v2\/media\/19048"}],"wp:attachment":[{"href":"https:\/\/www.europesays.com\/se\/wp-json\/wp\/v2\/media?parent=19047"}],"wp:term":[{"taxonomy":"category","embeddable":true,"href":"https:\/\/www.europesays.com\/se\/wp-json\/wp\/v2\/categories?post=19047"},{"taxonomy":"post_tag","embeddable":true,"href":"https:\/\/www.europesays.com\/se\/wp-json\/wp\/v2\/tags?post=19047"}],"curies":[{"name":"wp","href":"https:\/\/api.w.org\/{rel}","templated":true}]}}