{"id":19049,"date":"2025-09-01T11:07:10","date_gmt":"2025-09-01T11:07:10","guid":{"rendered":"https:\/\/www.europesays.com\/se\/19049\/"},"modified":"2025-09-01T11:07:10","modified_gmt":"2025-09-01T11:07:10","slug":"tonarsflicka-doms-knivhogg-flicka-pa-buss","status":"publish","type":"post","link":"https:\/\/www.europesays.com\/se\/19049\/","title":{"rendered":"Ton\u00e5rsflicka d\u00f6ms \u2013 knivh\u00f6gg flicka p\u00e5 buss"},"content":{"rendered":"<p>Publicerad 1 sep 2025 kl 10.56Uppdaterad kl 11.40<\/p>\n<p>En 17-\u00e5rig flicka skadades allvarligt efter att ha knivhuggits av en 15-\u00e5rig flicka p\u00e5 en buss i Esl\u00f6v.\u00a0<\/p>\n<p>Nu d\u00f6ms 15-\u00e5ringen till sluten ungdomsv\u00e5rd f\u00f6r mordf\u00f6rs\u00f6k i ett \u00e5r och fyra m\u00e5nader.<\/p>\n<p>En 21-\u00e5rig man d\u00f6ms till tre och ett halvt \u00e5rs f\u00e4ngelse f\u00f6r anstiftan.\u00a0<\/p>\n<p>\u00c4ven tre ton\u00e5rspojkar d\u00f6ms i fallet.\u00a0<\/p>\n<p><img   alt=\"\"\/><\/p>\n<p>Polisens avsp\u00e4rrningar i April.<\/p>\n<p>Foto: Johan Nilsson \/ TT NYHETSBYR\u00c5N<\/p>\n<p>\u00d6ppna bild i helsk\u00e4rm<\/p>\n<p>Kv\u00e4llen den 3 april i \u00e5r attackerade 15-\u00e5ringen en 17-\u00e5rig flicka p\u00e5 en buss i <a href=\"https:\/\/www.expressen.se\/tagg\/location\/eslov\/\" class=\"\" rel=\"nofollow noopener\" target=\"_blank\">Esl\u00f6v<\/a>.<\/p>\n<p>Bussen stod stilla vid h\u00e5llplatsen i n\u00e4rheten av j\u00e4rnv\u00e4gsstationen n\u00e4r 15-\u00e5ringen gick till attack. Hon utdelade minst \u00e5tta knivhugg mot 17-\u00e5ringen, minst sex .\u00a0<\/p>\n<p>17-\u00e5ringen f\u00f6rdes till sjukhus med allvarliga skador, ett knivhugg i ryggen var livshotande.\u00a0<\/p>\n<p>I dag kom domen. Lunds tingsr\u00e4tt skriver att straffet f\u00f6r 15-\u00e5ringen best\u00e4ms, med h\u00e4nsyn till hennes \u00e5lder, till sluten ungdomsv\u00e5rd i ett \u00e5r och fyra m\u00e5nader. Hon ska betala skadest\u00e5nd till den 17-\u00e5riga flickan med 270 000 kronor.<\/p>\n<p>\u2013 Av bevisningen framg\u00e5r att 15-\u00e5ringen rest till Esl\u00f6v f\u00f6r att konfrontera den 17-\u00e5riga flickan, att hon bev\u00e4pnat sig med en kniv som hon l\u00e5nat av en av de medtilltalade och att hon huggit ett flertal g\u00e5nger med kniven mot den 17-\u00e5riga flickans \u00f6verkropp, bland annat i ryggen. Tingsr\u00e4tten har kommit fram till att 15-\u00e5ringen, trots sin \u00e5lder, m\u00e5ste ha insett att det fanns en beaktansv\u00e4rd risk f\u00f6r att den 17-\u00e5riga flickan skulle d\u00f6 av knivhugget i ryggen och att hon i g\u00e4rnings\u00f6gonblicket var likgiltig f\u00f6r att flickan skulle d\u00f6, s\u00e4ger r\u00e5dmannen Ingeg\u00e4rd Lind, r\u00e4ttens ordf\u00f6rande i ett pressmeddelande.<\/p>\n<p>15-\u00e5ringen erk\u00e4nt att hon knivhuggit den 17-\u00e5riga flickan, men f\u00f6rnekat att hon skulle ha haft upps\u00e5t att d\u00f6da henne. Flickorna \u00e4r bekanta med varandra.\u00a0<\/p>\n<p>21-\u00e5ring d\u00f6ms f\u00f6r anstiftan<\/p>\n<p>Fyra andra personer har st\u00e5tt \u00e5talade som delaktiga efter h\u00e4ndelsen. En 21-\u00e5rig man f\u00f6r anstiftan till mordf\u00f6rs\u00f6k och tre ton\u00e5rspojkar f\u00f6r medhj\u00e4lp.\u00a0<\/p>\n<p>Den 21-\u00e5rige mannen ska enligt st\u00e4mningsans\u00f6kan varit den drivande till att den 15-\u00e5riga flickan skulle utf\u00f6ra d\u00e5det. Bakgrunden ska ha varit att han k\u00e4nt sig kr\u00e4nkt av offret. Nu d\u00f6ms han till tre \u00e5r och sex m\u00e5naders f\u00e4ngelse f\u00f6r anstiftan av grov misshandel.<\/p>\n<p>Pojkarna ska ha f\u00f6ljt med den \u00e5talade flickan till brottsplatsen. En av de \u00e5talade pojkarna, en 17-\u00e5ring, misst\u00e4nks f\u00f6r att ha gett kniven till den 15-\u00e5riga flickan och visat henne hur hon skulle anv\u00e4nda den. Han d\u00f6ms f\u00f6r medhj\u00e4lp till grov misshandel. P\u00e5f\u00f6ljden f\u00f6r honom best\u00e4ms till sluten ungdomsv\u00e5rd i elva m\u00e5nader.\u00a0<\/p>\n<p>Tv\u00e5 16-\u00e5riga pojkar, som p\u00e5 olika s\u00e4tt medverkat vid g\u00e4rningen \u2013 den ena genom att filma h\u00e4ndelsen och den andra f\u00f6r att ha k\u00e4nt till planerna och f\u00f6ljt med som f\u00f6rst\u00e4rkning\u00a0\u2013 d\u00f6ms f\u00f6r medhj\u00e4lp till misshandel. P\u00e5f\u00f6ljden i deras fall best\u00e4ms till ungdomsv\u00e5rd.<\/p>\n","protected":false},"excerpt":{"rendered":"Publicerad 1 sep 2025 kl 10.56Uppdaterad kl 11.40 En 17-\u00e5rig flicka skadades allvarligt efter att ha knivhuggits av&hellip;\n","protected":false},"author":2,"featured_media":19050,"comment_status":"","ping_status":"","sticky":false,"template":"","format":"standard","meta":{"footnotes":""},"categories":[12],"tags":[22,23,26,27,17,21,24,25,2423,28,29,15,16,18,34,666,31,33,32,30,19,437,1496,136,20],"class_list":{"0":"post-19049","1":"post","2":"type-post","3":"status-publish","4":"format-standard","5":"has-post-thumbnail","7":"category-sverige","8":"tag-breaking-news","9":"tag-breakingnews","10":"tag-featured-news","11":"tag-featurednews","12":"tag-headlines","13":"tag-huvudnyheter","14":"tag-latest-news","15":"tag-latestnews","16":"tag-location-eslov","17":"tag-main-news","18":"tag-mainnews","19":"tag-news","20":"tag-nyheter","21":"tag-rubriker","22":"tag-se","23":"tag-sections-krim","24":"tag-svenska","25":"tag-sverige","26":"tag-sweden","27":"tag-swedish","28":"tag-top-stories","29":"tag-topic-kollektivtrafik","30":"tag-topic-misshandel-overfall","31":"tag-topic-rattegangar-domar","32":"tag-topstories"},"share_on_mastodon":{"url":"","error":""},"_links":{"self":[{"href":"https:\/\/www.europesays.com\/se\/wp-json\/wp\/v2\/posts\/19049","targetHints":{"allow":["GET"]}}],"collection":[{"href":"https:\/\/www.europesays.com\/se\/wp-json\/wp\/v2\/posts"}],"about":[{"href":"https:\/\/www.europesays.com\/se\/wp-json\/wp\/v2\/types\/post"}],"author":[{"embeddable":true,"href":"https:\/\/www.europesays.com\/se\/wp-json\/wp\/v2\/users\/2"}],"replies":[{"embeddable":true,"href":"https:\/\/www.europesays.com\/se\/wp-json\/wp\/v2\/comments?post=19049"}],"version-history":[{"count":0,"href":"https:\/\/www.europesays.com\/se\/wp-json\/wp\/v2\/posts\/19049\/revisions"}],"wp:featuredmedia":[{"embeddable":true,"href":"https:\/\/www.europesays.com\/se\/wp-json\/wp\/v2\/media\/19050"}],"wp:attachment":[{"href":"https:\/\/www.europesays.com\/se\/wp-json\/wp\/v2\/media?parent=19049"}],"wp:term":[{"taxonomy":"category","embeddable":true,"href":"https:\/\/www.europesays.com\/se\/wp-json\/wp\/v2\/categories?post=19049"},{"taxonomy":"post_tag","embeddable":true,"href":"https:\/\/www.europesays.com\/se\/wp-json\/wp\/v2\/tags?post=19049"}],"curies":[{"name":"wp","href":"https:\/\/api.w.org\/{rel}","templated":true}]}}