{"id":19134,"date":"2025-09-01T12:11:10","date_gmt":"2025-09-01T12:11:10","guid":{"rendered":"https:\/\/www.europesays.com\/se\/19134\/"},"modified":"2025-09-01T12:11:10","modified_gmt":"2025-09-01T12:11:10","slug":"tobias-forsberg-lamnar-leksand-fran-min-sida","status":"publish","type":"post","link":"https:\/\/www.europesays.com\/se\/19134\/","title":{"rendered":"Tobias Forsberg l\u00e4mnar Leksand: &#8221;Fr\u00e5n min sida&#8221;"},"content":{"rendered":"<p><strong>Tobias Forsberg har gjort sitt i <a href=\"https:\/\/hockeysverige.se\/klubb\/leksands-if\/\" rel=\"nofollow noopener\" target=\"_blank\">Leksands IF<\/a>. <br \/>Profilen l\u00e4mnar sin roll i styrelsen efter tv\u00e5 \u00e5rs arbete. <br \/>\u2013\u00a0Det \u00e4r personliga saker, f\u00f6rklarar han i en intervju med <a href=\"https:\/\/www.falukuriren.se\/2025-09-01\/profilen-lamnar-lif-styrelsen-banden-ar-oklippbara\/\" rel=\"nofollow noopener\" target=\"_blank\">Falu-Kuriren.<\/a><\/strong><\/p>\n<p><img loading=\"lazy\" decoding=\"async\" width=\"1024\" height=\"658\" src=\"https:\/\/www.europesays.com\/se\/wp-content\/uploads\/2025\/09\/Forsberg-1024x658.webp.webp\" alt=\"\" class=\"wp-image-300610\"  \/>Tobias Forsberg l\u00e4mnar Leksand. <strong>Foto:<\/strong> Bildbyr\u00e5n (montage).<\/p>\n<p>Sedan 2023 har Tobias Forsberg varit aktiv inom Leksands IF som ledamot i AB-styrelsen. Detta f\u00f6r att \u00e5terigen hj\u00e4lpa sin tidigare klubb d\u00e4r han 2018 var med om den ot\u00e4cka olyckan som l\u00e4mnat honom f\u00f6rlamad fr\u00e5n br\u00f6stet och ned\u00e5t.<\/p>\n<p>Nu \u00e4r detta arbete \u00f6ver. <\/p>\n<p>Inf\u00f6r \u00e5rsst\u00e4mman i Leksands IF Ishockey AB, 1 september, saknas n\u00e4mligen Forsbergs namn n\u00e4r valberedningen l\u00e4gger fram f\u00f6rslag p\u00e5 en ny styrelse. Beslutet att l\u00e4mna \u00e4r dock helt hans eget, vilket han \u00e4ven ber\u00e4ttar i en intervju med Falu-Kuriren under m\u00e5ndagen. <\/p>\n<p>\u2013 Det \u00e4r fr\u00e5n min sida. F\u00f6rst och fr\u00e4mst \u00e4r det personliga orsaker som varken handlar om styrelsearbete eller hockey, utan mer livet. Jag kan inte g\u00e5 in p\u00e5 det mer men det \u00e4r personliga saker. En del \u00e4r ocks\u00e5 att det hade varit annorlunda om jag hade bott i Leksand. Rent praktiskt hade det varit l\u00e4ttare p\u00e5 m\u00e5nga s\u00e4tt, s\u00e4ger han till tidningen och forts\u00e4tter:<br \/>\u2013 Banden till Leksand \u00e4r oklippbara oavsett. Jag kommer att ha mitt hj\u00e4rta i Leksand och Dalarna f\u00f6r evigt, \u00e4ven om jag bor i Stockholm. Du kan ha en hur vass sax som helst men du kan \u00e4nd\u00e5 inte klippa av dem f\u00f6r det \u00e4r mitt DNA, hela klubben och hur mycket jag brinner f\u00f6r allting.<\/p>\n<p>Inte grundat i turbulenta tiden<\/p>\n<p>Forsberg menar att det \u00e4r \u201dpersonliga saker\u201d som g\u00f6r att han inte forts\u00e4tter sitt jobb, och inte att beslutet p\u00e5verkats av den turbulenta tid, med ekonomiska problem, som varit vardag i SHL-klubben sedan han klev in 2023. <\/p>\n<p>\u2013 Oavsett vad det \u00e4r i v\u00e4rlden n\u00e4r man tycker om n\u00e5got som det \u00e4r mycket skriverier och en del problem som man beh\u00f6ver ta tag i s\u00e5 det \u00e4r klart att att det p\u00e5verkar. Ska jag vara helt \u00e4rlig s\u00e5, till en b\u00f6rjan under det f\u00f6rsta \u00e5ret, s\u00e5 var jag kanske inte riktigt redo p\u00e5 det. Det var som att en del av mitt Leksandshj\u00e4rta fick en t\u00f6rn. Det ska jag vara \u00e4rlig och s\u00e4ga, s\u00e4ger han. <\/p>\n<p>Innan skadan spelade Tobias Forsberg \u00e5tta s\u00e4songer i Leksands IF. D\u00e4refter har han \u00f6verg\u00e5tt till att jobba som expert i TV-s\u00e4ndningar, samt f\u00f6rel\u00e4st om sin upplevelser. <\/p>\n<p> Source: <a href=\"https:\/\/www.eliteprospects.com\/player\/3717\/tobias-forsberg\" target=\"_blank\" rel=\"noopener noreferrer nofollow\">Tobias Forsberg<\/a> @ Elite Prospects<\/p>\n","protected":false},"excerpt":{"rendered":"Tobias Forsberg har gjort sitt i Leksands IF. Profilen l\u00e4mnar sin roll i styrelsen efter tv\u00e5 \u00e5rs arbete.&hellip;\n","protected":false},"author":2,"featured_media":19135,"comment_status":"","ping_status":"","sticky":false,"template":"","format":"standard","meta":{"footnotes":""},"categories":[68],"tags":[34,133,111,110,31,33,32,30],"class_list":{"0":"post-19134","1":"post","2":"type-post","3":"status-publish","4":"format-standard","5":"has-post-thumbnail","7":"category-sport","8":"tag-se","9":"tag-second-news","10":"tag-sport","11":"tag-sports","12":"tag-svenska","13":"tag-sverige","14":"tag-sweden","15":"tag-swedish"},"share_on_mastodon":{"url":"","error":""},"_links":{"self":[{"href":"https:\/\/www.europesays.com\/se\/wp-json\/wp\/v2\/posts\/19134","targetHints":{"allow":["GET"]}}],"collection":[{"href":"https:\/\/www.europesays.com\/se\/wp-json\/wp\/v2\/posts"}],"about":[{"href":"https:\/\/www.europesays.com\/se\/wp-json\/wp\/v2\/types\/post"}],"author":[{"embeddable":true,"href":"https:\/\/www.europesays.com\/se\/wp-json\/wp\/v2\/users\/2"}],"replies":[{"embeddable":true,"href":"https:\/\/www.europesays.com\/se\/wp-json\/wp\/v2\/comments?post=19134"}],"version-history":[{"count":0,"href":"https:\/\/www.europesays.com\/se\/wp-json\/wp\/v2\/posts\/19134\/revisions"}],"wp:featuredmedia":[{"embeddable":true,"href":"https:\/\/www.europesays.com\/se\/wp-json\/wp\/v2\/media\/19135"}],"wp:attachment":[{"href":"https:\/\/www.europesays.com\/se\/wp-json\/wp\/v2\/media?parent=19134"}],"wp:term":[{"taxonomy":"category","embeddable":true,"href":"https:\/\/www.europesays.com\/se\/wp-json\/wp\/v2\/categories?post=19134"},{"taxonomy":"post_tag","embeddable":true,"href":"https:\/\/www.europesays.com\/se\/wp-json\/wp\/v2\/tags?post=19134"}],"curies":[{"name":"wp","href":"https:\/\/api.w.org\/{rel}","templated":true}]}}