{"id":19206,"date":"2025-09-01T13:18:06","date_gmt":"2025-09-01T13:18:06","guid":{"rendered":"https:\/\/www.europesays.com\/se\/19206\/"},"modified":"2025-09-01T13:18:06","modified_gmt":"2025-09-01T13:18:06","slug":"alexandra-rapaport-infor-gasmamman-finalen-sa-mycket-karlek-fran-alla-fans","status":"publish","type":"post","link":"https:\/\/www.europesays.com\/se\/19206\/","title":{"rendered":"Alexandra Rapaport inf\u00f6r \u201dG\u00e5smamman\u201d-finalen: \u201dS\u00e5 mycket k\u00e4rlek fr\u00e5n alla fans\u201d"},"content":{"rendered":"<p>Exakt tio \u00e5r efter premi\u00e4ren \u00e4r det dags att ta farv\u00e4l av en av Sveriges mest \u00e4lskade tv-serier. \u201dG\u00e5smamman: Epilogen \u2013 del 2\u201d blir slutpunkten f\u00f6r ber\u00e4ttelsen om Sonja Ek och hennes familj. Fem avsnitt kvarst\u00e5r, med efterl\u00e4ngtad premi\u00e4r den 3 september p\u00e5 TV4 Play.<\/p>\n<p>I del 2 av epilogen forts\u00e4tter Ninas (<strong>Clara Christiansson Drake<\/strong>) h\u00e4mnd p\u00e5 sin mamma Sonja (Alexandra Rapaport) och f\u00f6rs\u00e4tter familjen Ek i en allt djupare skuldspiral. Tvingade att samarbeta med m\u00f6rka krafter s\u00e4tts familjebanden p\u00e5 sitt yttersta prov. Finns viljan kvar att r\u00e4dda det som en g\u00e5ng h\u00f6ll dem samman?<\/p>\n<p>Alexandra Rapaport tackar alla tittare<\/p>\n<p>Alexandra Rapaport, som gestaltat Sonja sedan starten 2015 och \u00e4ven \u00e4r exekutiv producent, skickar en h\u00e4lsning via MovieZine.se till alla fans och tittare som f\u00f6ljt serien:<\/p>\n<p>\u201dMin h\u00e4lsning till fansen \u00e4r ett stort TACK! Jag kommer f\u00f6rmodligen aldrig att vara med om en s\u00e5n otrolig och h\u00e4ngiven uppslutning fr\u00e5n fans. N\u00e5gonsin. S\u00e5 mycket k\u00e4rlek och st\u00f6d!\u201d<\/p>\n<p>\u201dJag har genom \u00e5ren i s\u00e5 m\u00e5nga m\u00f6ten med kanal och i manusrum refererat till v\u00e5r fanbase f\u00f6r att v\u00e4rna v\u00e5r historia och v\u00e5ra \u00e4lskade karakt\u00e4rer\u201d ber\u00e4ttar Rapaport f\u00f6r oss och till\u00e4gger:<\/p>\n<p>\u201dI Epilogen del tv\u00e5 f\u00e5r vi en hisnande actionfylld resa mot finalen. Kommer Barry att ta sig tillbaka till toppen i den undre v\u00e4rlden? Och kommer v\u00e5r \u00e4lskade polis att sluta? Och kommer familjen Ek n\u00e5gonsin att hitta tillbaka till varandra? Och vem f\u00e5r leva och vem m\u00e5ste d\u00f6?\u201d<\/p>\n<p><img loading=\"lazy\" height=\"432\" width=\"648\" class=\"wp-image-699700 sp-no-webp perfmatters-lazy\" alt=\"\" decoding=\"async\" src=\"https:\/\/www.europesays.com\/se\/wp-content\/uploads\/2025\/09\/gasmamman-lutzow-clara-drake-648x432.jpg\"  data-\/> <\/p>\n<p>Ett livsfarligt h\u00e4mndbeg\u00e4r<\/p>\n<p>TV4:s beskrivning av n\u00e4sta avsnitt (avsnitt 6) avsl\u00f6jar att: \u201dNina b\u00e4r p\u00e5 m\u00f6rka hemligheter och g\u00f6r allt f\u00f6r att h\u00e5lla dem dolda. Samtidigt jagas hon av personer som inte inser att hon \u00e4r deras st\u00f6rsta fiende. Med ett livsfarligt h\u00e4mndbeg\u00e4r riktat mot Sonja st\u00e5r allt p\u00e5 spel.\u201d<\/p>\n<p>F\u00f6rutom Rapaport \u00e5terv\u00e4nder <strong>Edvin Ryding<\/strong>, <strong>Joel L\u00fctzow <\/strong>och flera andra v\u00e4lbekanta ansikten fr\u00e5n seriens universum. De sista avsnitten (6\u201310) \u00e4r regisserade av <strong>Richard Holm<\/strong>.<\/p>\n<p>\u201dG\u00e5smamman: Epilogen \u2013 del 2\u201d har premi\u00e4r den 3 september p\u00e5 TV4 Play. Ett nytt avsnitt sl\u00e4pps varje onsdag fram till 1 oktober.<\/p>\n<p>L\u00e4s ocks\u00e5: <a href=\"https:\/\/www.moviezine.se\/nyheter\/spoilervarning-edvin-ryding-om-chockscenerna-i-28-years-later\" title=\"Spoilervarning! Edvin Ryding om chockscenerna i \u201d28 Years Later\u201d\" class=\"underline-custom !font-montserrat !font-bold !underline-offset-4 !decoration-4 !decoration-moviezine-green !text-md\" rel=\"nofollow noopener\" target=\"_blank\">Spoilervarning! Edvin Ryding om chockscenerna i \u201d28 Years Later\u201d<\/a><\/p>\n<p>L\u00e4s ocks\u00e5: <a href=\"https:\/\/www.moviezine.se\/nyheter\/nya-tv-serier-september-2025-netflix-apple-prime-video-max-disney\" title=\"Superstark start p\u00e5 tv-h\u00f6sten: H\u00e4r \u00e4r 9 tv-serier du inte vill missa i september\" class=\"underline-custom !font-montserrat !font-bold !underline-offset-4 !decoration-4 !decoration-moviezine-green !text-md\" rel=\"nofollow noopener\" target=\"_blank\">Superstark start p\u00e5 tv-h\u00f6sten: H\u00e4r \u00e4r 9 tv-serier du inte vill missa i september<\/a><\/p>\n","protected":false},"excerpt":{"rendered":"Exakt tio \u00e5r efter premi\u00e4ren \u00e4r det dags att ta farv\u00e4l av en av Sveriges mest \u00e4lskade tv-serier.&hellip;\n","protected":false},"author":2,"featured_media":19207,"comment_status":"","ping_status":"","sticky":false,"template":"","format":"standard","meta":{"footnotes":""},"categories":[67],"tags":[104,34,31,33,32,30,2442,105],"class_list":{"0":"post-19206","1":"post","2":"type-post","3":"status-publish","4":"format-standard","5":"has-post-thumbnail","7":"category-underhallning","8":"tag-entertainment","9":"tag-se","10":"tag-svenska","11":"tag-sverige","12":"tag-sweden","13":"tag-swedish","14":"tag-tv4-play","15":"tag-underhallning"},"share_on_mastodon":{"url":"","error":""},"_links":{"self":[{"href":"https:\/\/www.europesays.com\/se\/wp-json\/wp\/v2\/posts\/19206","targetHints":{"allow":["GET"]}}],"collection":[{"href":"https:\/\/www.europesays.com\/se\/wp-json\/wp\/v2\/posts"}],"about":[{"href":"https:\/\/www.europesays.com\/se\/wp-json\/wp\/v2\/types\/post"}],"author":[{"embeddable":true,"href":"https:\/\/www.europesays.com\/se\/wp-json\/wp\/v2\/users\/2"}],"replies":[{"embeddable":true,"href":"https:\/\/www.europesays.com\/se\/wp-json\/wp\/v2\/comments?post=19206"}],"version-history":[{"count":0,"href":"https:\/\/www.europesays.com\/se\/wp-json\/wp\/v2\/posts\/19206\/revisions"}],"wp:featuredmedia":[{"embeddable":true,"href":"https:\/\/www.europesays.com\/se\/wp-json\/wp\/v2\/media\/19207"}],"wp:attachment":[{"href":"https:\/\/www.europesays.com\/se\/wp-json\/wp\/v2\/media?parent=19206"}],"wp:term":[{"taxonomy":"category","embeddable":true,"href":"https:\/\/www.europesays.com\/se\/wp-json\/wp\/v2\/categories?post=19206"},{"taxonomy":"post_tag","embeddable":true,"href":"https:\/\/www.europesays.com\/se\/wp-json\/wp\/v2\/tags?post=19206"}],"curies":[{"name":"wp","href":"https:\/\/api.w.org\/{rel}","templated":true}]}}