{"id":192245,"date":"2026-03-16T16:57:25","date_gmt":"2026-03-16T16:57:25","guid":{"rendered":"https:\/\/www.europesays.com\/se\/192245\/"},"modified":"2026-03-16T16:57:25","modified_gmt":"2026-03-16T16:57:25","slug":"kommunen-och-brookfield-vill-skapa-en-innovationsnod-pa-ai-omradet","status":"publish","type":"post","link":"https:\/\/www.europesays.com\/se\/192245\/","title":{"rendered":"Kommunen och Brookfield vill skapa en innovationsnod p\u00e5 AI-omr\u00e5det"},"content":{"rendered":"<p class=\"font-normal\">I somras ber\u00e4ttade det kanadensiska f\u00f6retaget Brookfield Asset Management om sina planer p\u00e5 ett AI-center i Str\u00e4ngn\u00e4s. Avsikten \u00e4r att etablera en anl\u00e4ggning specialutformad f\u00f6r AI-tr\u00e4ning och h\u00f6gpresterande ber\u00e4kningar i industriell skala. Det handlar om en strategisk nationell infrastruktur med syfte att etablera suver\u00e4n AI-kapacitet inom EU.<\/p>\n<p class=\"font-normal\">Det kommer att vara en av de st\u00f6rsta industriinvesteringarna n\u00e5gonsin i Sverige och \u00f6ppnar stora m\u00f6jligheter f\u00f6r Str\u00e4ngn\u00e4s kommun att attrahera akt\u00f6rer som vill vara med och utveckla AI-teknologin. Fokus ska ligga p\u00e5 samverkan mellan industrif\u00f6retag, offentliga akt\u00f6rer och akademiska institutioner d\u00e4r Str\u00e4ngn\u00e4s f\u00e5r en koordinerande roll.<\/p>\n<p class=\"font-normal\">\u2013 Vi arbetar tillsammans med Brookfield f\u00f6r att Str\u00e4ngn\u00e4s ska bli en strategisk innovationsnod f\u00f6r Sveriges digitala utveckling p\u00e5 AI-omr\u00e5det, s\u00e4ger Jacob H\u00f6gfeldt (M), kommunstyrelsens ordf\u00f6rande.<\/p>\n<p class=\"font-normal\">\u2013 Runt om den vill vi skapa ett ekosystem med olika akt\u00f6rer p\u00e5 AI-omr\u00e5det. Det har hela tiden varit viktigt f\u00f6r oss att det h\u00e4r inte bara blir en konventionell datahall.<\/p>\n<p class=\"font-normal\">Ett AI-center skulle ge m\u00f6jlighet till fler lokala jobb och man ser ocks\u00e5 \u00f6ver m\u00f6jligheterna att \u00e5teranv\u00e4nda spillv\u00e4rme d\u00e4r Str\u00e4ngn\u00e4s koordinerar anslutningen till fj\u00e4rrv\u00e4rmeverk.<\/p>\n<p class=\"font-normal\">Redan fr\u00e5n b\u00f6rjan identifierades effektfr\u00e5gan som kritiskt viktig f\u00f6r att satsningen skulle kunna bli av. D\u00e4rf\u00f6r har Str\u00e4ngn\u00e4s och Brookfield f\u00f6rt en t\u00e4t dialog med Svenska Kraftn\u00e4t och Vattenfall sedan investeringen offentliggjordes i somras.<\/p>\n<p class=\"font-normal\">\u2013 Effektfr\u00e5gan \u00e4r utmanande f\u00f6r alla inblandade akt\u00f6rer, inte minst Svenska Kraftn\u00e4t och Vattenfall. Det handlar om att korta ledtider och samlas runt m\u00f6jliga l\u00f6sningar i v\u00e5r region. Det kr\u00e4ver mod och kreativitet fr\u00e5n de statliga akt\u00f6rerna. Visst tar det tid att skapa infrastruktur f\u00f6r att flytta energi. Men det \u00e4r \u00e4nnu sv\u00e5rare att flytta m\u00e4nniskor med r\u00e4tt kompetens, s\u00e4ger Jacob H\u00f6gfeldt.<\/p>\n<p class=\"font-normal\">Sv\u00e5righeten att f\u00e5 besked om n\u00e4r effekt kan vara p\u00e5 plats har lett till att man ocks\u00e5 tittar p\u00e5 bredare l\u00f6sningar, d\u00e4r Str\u00e4ngn\u00e4s fortsatt \u00e4r innovationsnoden. Fler platser i Sverige, d\u00e4r tillg\u00e5ngen p\u00e5 eleffekt ser mer positiv ut, skulle d\u00e4rmed kunna utg\u00f6ra delar av Brookfields AI-centers kapacitet f\u00f6r datalagring och ber\u00e4kning.<\/p>\n<p class=\"font-normal\">\u2013 Vi \u00e4r medvetna om att m\u00e5nga st\u00e5r p\u00e5 k\u00f6 f\u00f6r att f\u00e5 effekt tilldelad. Men det h\u00e4r handlar om en enorm investering som kan f\u00e5 avg\u00f6rande betydelse f\u00f6r hela Sverige, f\u00f6r att bland annat st\u00e4rka v\u00e5r och Europas nationella s\u00e4kerhet i AI-eran, s\u00e4ger Jacob H\u00f6gfeldt.<\/p>\n<p class=\"font-normal\">Brookfield har nu \u00e4ven tecknat ett avtal med Telia om att ing\u00e5 ett strategiskt partnerskap f\u00f6r att st\u00e4rka svensk och europeisk digital suver\u00e4nitet. Telia kommer att koppla upp Brookfields planerade AI-anl\u00e4ggningar till sitt nationella fibern\u00e4t och leverera centrala delar av dess digitala infrastruktur.<\/p>\n","protected":false},"excerpt":{"rendered":"I somras ber\u00e4ttade det kanadensiska f\u00f6retaget Brookfield Asset Management om sina planer p\u00e5 ett AI-center i Str\u00e4ngn\u00e4s. Avsikten&hellip;\n","protected":false},"author":2,"featured_media":22253,"comment_status":"","ping_status":"","sticky":false,"template":"","format":"standard","meta":{"footnotes":"","_share_on_mastodon":"0"},"categories":[5],"tags":[22,23,26,27,17,21,24,25,28,29,15,16,18,34,1546,31,33,32,30,19,20],"class_list":["post-192245","post","type-post","status-publish","format-standard","has-post-thumbnail","category-rubriker","tag-breaking-news","tag-breakingnews","tag-featured-news","tag-featurednews","tag-headlines","tag-huvudnyheter","tag-latest-news","tag-latestnews","tag-main-news","tag-mainnews","tag-news","tag-nyheter","tag-rubriker","tag-se","tag-strangnas","tag-svenska","tag-sverige","tag-sweden","tag-swedish","tag-top-stories","tag-topstories"],"share_on_mastodon":{"url":"https:\/\/pubeurope.com\/@se\/116239915034401395","error":""},"_links":{"self":[{"href":"https:\/\/www.europesays.com\/se\/wp-json\/wp\/v2\/posts\/192245","targetHints":{"allow":["GET"]}}],"collection":[{"href":"https:\/\/www.europesays.com\/se\/wp-json\/wp\/v2\/posts"}],"about":[{"href":"https:\/\/www.europesays.com\/se\/wp-json\/wp\/v2\/types\/post"}],"author":[{"embeddable":true,"href":"https:\/\/www.europesays.com\/se\/wp-json\/wp\/v2\/users\/2"}],"replies":[{"embeddable":true,"href":"https:\/\/www.europesays.com\/se\/wp-json\/wp\/v2\/comments?post=192245"}],"version-history":[{"count":0,"href":"https:\/\/www.europesays.com\/se\/wp-json\/wp\/v2\/posts\/192245\/revisions"}],"wp:featuredmedia":[{"embeddable":true,"href":"https:\/\/www.europesays.com\/se\/wp-json\/wp\/v2\/media\/22253"}],"wp:attachment":[{"href":"https:\/\/www.europesays.com\/se\/wp-json\/wp\/v2\/media?parent=192245"}],"wp:term":[{"taxonomy":"category","embeddable":true,"href":"https:\/\/www.europesays.com\/se\/wp-json\/wp\/v2\/categories?post=192245"},{"taxonomy":"post_tag","embeddable":true,"href":"https:\/\/www.europesays.com\/se\/wp-json\/wp\/v2\/tags?post=192245"}],"curies":[{"name":"wp","href":"https:\/\/api.w.org\/{rel}","templated":true}]}}