{"id":19234,"date":"2025-09-01T13:41:07","date_gmt":"2025-09-01T13:41:07","guid":{"rendered":"https:\/\/www.europesays.com\/se\/19234\/"},"modified":"2025-09-01T13:41:07","modified_gmt":"2025-09-01T13:41:07","slug":"dejan-kulusevski-dyker-upp-i-landslaget-trots-att-han-inte-kan-spela-landslaget","status":"publish","type":"post","link":"https:\/\/www.europesays.com\/se\/19234\/","title":{"rendered":"Dejan Kulusevski dyker upp i landslaget \u2013 trots att han inte kan spela | Landslaget"},"content":{"rendered":"<p>Publicerad 1 sep 2025 kl 12.14Uppdaterad kl 12.27<\/p>\n<p>Dejan Kulusevski kan inte spela.<\/p>\n<p>Trots det kommer han vara en del av landslagets samling under VM-kvalet.<\/p>\n<p>\u2013 Det s\u00e4ger n\u00e5got om hans karakt\u00e4r och personlighet, s\u00e4ger f\u00f6rbundskapten Jon Dahl Tomasson.<\/p>\n<p><img   alt=\"\"\/><\/p>\n<p>Dejan Kulusevski.<\/p>\n<p>Foto: JESPER ZERMAN \/ BILDBYR\u00c5N<\/p>\n<p>\u00d6ppna bild i helsk\u00e4rm<\/p>\n<p>Sverige st\u00e5r inf\u00f6r viktiga matcher i VM-kvalet mot Slovenien (fredag) och Kosovo (m\u00e5ndag) och i dag samlas landslaget under Jon Dahl Tomassons ledning.<\/p>\n<p>I truppen som Tomasson presenterade f\u00f6rra veckan saknades <a href=\"https:\/\/www.expressen.se\/tagg\/person\/dejan-kulusevski\/\" class=\"\" rel=\"nofollow noopener\" target=\"_blank\">Dejan Kulusevskis<\/a> namn. Anledningen \u00e4r att Tottenham-stj\u00e4rnan \u00e4r skadad och v\u00e4ntas bli borta fr\u00e5n spel resten av \u00e5ret.<\/p>\n<p>Men n\u00e4r f\u00f6rbundskaptenen h\u00f6ll en presstr\u00e4ff p\u00e5 m\u00e5ndagen ber\u00e4ttade han att Kulusevski kommer att resa med laget och vara med under hela samlingen.<\/p>\n<p>\u2013\u00a0Han kommer inte kunna spela, men vara runt laget hela tiden och hj\u00e4lpa till. Det s\u00e4ger mycket om honom, s\u00e4ger han.<\/p>\n<p>\u201dAlla som h\u00f6rde det t\u00e4nkte wow\u201d<\/p>\n<p>Beslutet togs p\u00e5 Kulusevskis initiativ.<\/p>\n<p>\u2013\u00a0Vi pratade och Dejan fr\u00e5gade, \u201dkan jag vara en del av det h\u00e4r?\u201d. Sj\u00e4lvklart. Det s\u00e4ger mycket om hans karakt\u00e4r.<\/p>\n<p>\u2013\u00a0Alla som h\u00f6rde det t\u00e4nkte bara, \u201dwow\u201d. Det h\u00e4r s\u00e4ger n\u00e5got om hans karakt\u00e4r och personlighet.<\/p>\n","protected":false},"excerpt":{"rendered":"Publicerad 1 sep 2025 kl 12.14Uppdaterad kl 12.27 Dejan Kulusevski kan inte spela. Trots det kommer han vara&hellip;\n","protected":false},"author":2,"featured_media":19235,"comment_status":"","ping_status":"","sticky":false,"template":"","format":"standard","meta":{"footnotes":""},"categories":[68],"tags":[2445,34,129,146,111,110,31,33,32,30],"class_list":{"0":"post-19234","1":"post","2":"type-post","3":"status-publish","4":"format-standard","5":"has-post-thumbnail","7":"category-sport","8":"tag-person-dejan-kulusevski","9":"tag-se","10":"tag-sections-fotboll","11":"tag-sections-landslaget","12":"tag-sport","13":"tag-sports","14":"tag-svenska","15":"tag-sverige","16":"tag-sweden","17":"tag-swedish"},"share_on_mastodon":{"url":"","error":""},"_links":{"self":[{"href":"https:\/\/www.europesays.com\/se\/wp-json\/wp\/v2\/posts\/19234","targetHints":{"allow":["GET"]}}],"collection":[{"href":"https:\/\/www.europesays.com\/se\/wp-json\/wp\/v2\/posts"}],"about":[{"href":"https:\/\/www.europesays.com\/se\/wp-json\/wp\/v2\/types\/post"}],"author":[{"embeddable":true,"href":"https:\/\/www.europesays.com\/se\/wp-json\/wp\/v2\/users\/2"}],"replies":[{"embeddable":true,"href":"https:\/\/www.europesays.com\/se\/wp-json\/wp\/v2\/comments?post=19234"}],"version-history":[{"count":0,"href":"https:\/\/www.europesays.com\/se\/wp-json\/wp\/v2\/posts\/19234\/revisions"}],"wp:featuredmedia":[{"embeddable":true,"href":"https:\/\/www.europesays.com\/se\/wp-json\/wp\/v2\/media\/19235"}],"wp:attachment":[{"href":"https:\/\/www.europesays.com\/se\/wp-json\/wp\/v2\/media?parent=19234"}],"wp:term":[{"taxonomy":"category","embeddable":true,"href":"https:\/\/www.europesays.com\/se\/wp-json\/wp\/v2\/categories?post=19234"},{"taxonomy":"post_tag","embeddable":true,"href":"https:\/\/www.europesays.com\/se\/wp-json\/wp\/v2\/tags?post=19234"}],"curies":[{"name":"wp","href":"https:\/\/api.w.org\/{rel}","templated":true}]}}