{"id":192376,"date":"2026-03-16T19:58:09","date_gmt":"2026-03-16T19:58:09","guid":{"rendered":"https:\/\/www.europesays.com\/se\/192376\/"},"modified":"2026-03-16T19:58:09","modified_gmt":"2026-03-16T19:58:09","slug":"frasse-levinsson-hamburgerinslaget-lar-oss-ingenting-nojesguiden","status":"publish","type":"post","link":"https:\/\/www.europesays.com\/se\/192376\/","title":{"rendered":"Frasse Levinsson: &quot;Hamburgerinslaget l\u00e4r oss ingenting&quot; &#8211; N\u00f6jesguiden"},"content":{"rendered":"<ol>\n<li><a href=\"https:\/\/news.google.com\/rss\/articles\/CBMigAFBVV95cUxQeW94SWxyeXpoaUFOeGM2Rkp6eFVfZVVlTTdKa2Q2bVhMNWdTX3Q1cFQxZEo5UklVbUg0UnBGdXVpRHM1bG56MjVVWHFTNl9KVW1TblBqUkFkQ0JkbGk2OVVpTzQ0ajgzSmw5SnFEd3FfWWZpSGRuNTRoNmtrRXVBWg?oc=5\" target=\"_blank\" rel=\"nofollow noopener\">Frasse Levinsson: &#8221;Hamburgerinslaget l\u00e4r oss ingenting&#8221;<\/a>&nbsp;&nbsp;N\u00f6jesguiden<\/li>\n<li><a href=\"https:\/\/news.google.com\/rss\/articles\/CBMiqAFBVV95cUxNVlZRVXBuUnZrOEw3dXVLa1FkVWpkSVFhTEljWURGcUdVY1BBYlRXYVdWZUYwakdTVHlGR043N3U4Q2lQZnRLQWMxVk5mUjA3UlZHc19mVFluODVNTVFiX0hTV2cxS2pvNUdXcldSblFVUDBLeHNQR2JuY0kycWtYYnVBR3E1RGJaUUFTWVppZ0pvOGs4TUgtbXVFaU9SbVpFdWNpbGJXRHU?oc=5\" target=\"_blank\" rel=\"nofollow noopener\">SVT-reporter fick fel burgare \u2013 grillade Max-chef i eget inslag<\/a>&nbsp;&nbsp;Aftonbladet<\/li>\n<li><a href=\"https:\/\/news.google.com\/rss\/articles\/CBMijgFBVV95cUxQVWhaSGRHYlJjTG1adHNTQVE5MU9GUzJ5UGdMdmpJUWdwZFhnMWJvRWIycnF0Wm1aMW0yNEpOZEJMMnU1T2JWYVdpdjdCRndVd2xJWEFOVGRQZDBPREY0WWc0dEVUanUxVHl2bU5jWmdXdXF2N3NTSnp1NENNQy1Wcko4X0JyNlBibGNuT0RB?oc=5\" target=\"_blank\" rel=\"nofollow noopener\">SVT-reporter fick fel burgare p\u00e5 Max \u2013 gjorde inslag<\/a>&nbsp;&nbsp;Expressen<\/li>\n<li><a href=\"https:\/\/news.google.com\/rss\/articles\/CBMinAFBVV95cUxNSTBmQ2JHZDQ4blMwbW9YdXo2X29iQktRaG9aU2YtTmRRUkJsS0l1X0ZEc3ViWFpjT0NBZWJCTnpzRVhsYkN0Y3BtcUpOWDg1N2puUy1zSzh1WTFfUGtRdDFQdFdtZTZiTHlQdTRUQ01NT2lXUFpXMDExaG82UWZib3dyYmg4eEt6REk1YnNjcFhZWVkyQUFHME8zYlU?oc=5\" target=\"_blank\" rel=\"nofollow noopener\">SVT-reporter fick fel hamburgare \u2013 konfronterade Max i inslag<\/a>&nbsp;&nbsp;Sveriges Radio<\/li>\n<li><a href=\"https:\/\/news.google.com\/rss\/articles\/CBMinAFBVV95cUxNdGM1Ym0xNW1Zb3kyM2tpVzJhclQ1V3FiNW1SbXFmNlRmRHBMbkhFdnpHYzhwYkl0TUJwalExdEVVcWRxVXpIc2t1Wjd4RGdVRE1ROVBEU3paM2ZYSjF0ZldUbUZ0TEJIRFJXQkxGNTVkTl9zdDduVHpYM28xNzEyQlBJbEZ0bngzZlh5dnFDb29OWkIyY3ZFOXZEbDQ?oc=5\" target=\"_blank\" rel=\"nofollow noopener\">Christoffer R\u00f6stlund Jonsson: Varf\u00f6r vill SVT f\u00e5 oss veganer att framst\u00e5 som kompletta t\u00f6ntar?<\/a>&nbsp;&nbsp;ETC.se<\/li>\n<\/ol>\n","protected":false},"excerpt":{"rendered":"Frasse Levinsson: &#8221;Hamburgerinslaget l\u00e4r oss ingenting&#8221;&nbsp;&nbsp;N\u00f6jesguiden SVT-reporter fick fel burgare \u2013 grillade Max-chef i eget inslag&nbsp;&nbsp;Aftonbladet SVT-reporter fick&hellip;\n","protected":false},"author":2,"featured_media":192377,"comment_status":"","ping_status":"","sticky":false,"template":"","format":"standard","meta":{"footnotes":"","_share_on_mastodon":"0"},"categories":[67],"tags":[1589,104,903,1083,1590,1591,902,1588,1082,1596,417,1592,172,1587,1593,34,1595,258,31,33,32,30,1594,105],"class_list":["post-192376","post","type-post","status-publish","format-standard","has-post-thumbnail","category-underhallning","tag-dryck","tag-entertainment","tag-film","tag-goteborg","tag-klubb","tag-konsert","tag-konst","tag-krog","tag-litteratur","tag-lund","tag-malmo","tag-mode","tag-musik","tag-nojesguiden","tag-scen","tag-se","tag-spel","tag-stockholm","tag-svenska","tag-sverige","tag-sweden","tag-swedish","tag-tv","tag-underhallning"],"share_on_mastodon":{"url":"https:\/\/pubeurope.com\/@se\/116240626722861777","error":""},"_links":{"self":[{"href":"https:\/\/www.europesays.com\/se\/wp-json\/wp\/v2\/posts\/192376","targetHints":{"allow":["GET"]}}],"collection":[{"href":"https:\/\/www.europesays.com\/se\/wp-json\/wp\/v2\/posts"}],"about":[{"href":"https:\/\/www.europesays.com\/se\/wp-json\/wp\/v2\/types\/post"}],"author":[{"embeddable":true,"href":"https:\/\/www.europesays.com\/se\/wp-json\/wp\/v2\/users\/2"}],"replies":[{"embeddable":true,"href":"https:\/\/www.europesays.com\/se\/wp-json\/wp\/v2\/comments?post=192376"}],"version-history":[{"count":0,"href":"https:\/\/www.europesays.com\/se\/wp-json\/wp\/v2\/posts\/192376\/revisions"}],"wp:featuredmedia":[{"embeddable":true,"href":"https:\/\/www.europesays.com\/se\/wp-json\/wp\/v2\/media\/192377"}],"wp:attachment":[{"href":"https:\/\/www.europesays.com\/se\/wp-json\/wp\/v2\/media?parent=192376"}],"wp:term":[{"taxonomy":"category","embeddable":true,"href":"https:\/\/www.europesays.com\/se\/wp-json\/wp\/v2\/categories?post=192376"},{"taxonomy":"post_tag","embeddable":true,"href":"https:\/\/www.europesays.com\/se\/wp-json\/wp\/v2\/tags?post=192376"}],"curies":[{"name":"wp","href":"https:\/\/api.w.org\/{rel}","templated":true}]}}