{"id":19251,"date":"2025-09-01T13:58:07","date_gmt":"2025-09-01T13:58:07","guid":{"rendered":"https:\/\/www.europesays.com\/se\/19251\/"},"modified":"2025-09-01T13:58:07","modified_gmt":"2025-09-01T13:58:07","slug":"ludvig-aberg-uttagen-till-ryder-cup-i-new-york","status":"publish","type":"post","link":"https:\/\/www.europesays.com\/se\/19251\/","title":{"rendered":"Ludvig \u00c5berg uttagen till Ryder Cup i New York"},"content":{"rendered":"<p>Svenska golfstj\u00e4rnan Ludvig \u00c5berg har blivit uttagen till Ryder Cup, rapporterar Expressen. <\/p>\n<p>Han blev utvald av kaptenen Luke Donald inf\u00f6r turneringen som g\u00e5r p\u00e5 amerikansk mark i \u00e5r, p\u00e5 Bethpage Black i New York. T\u00e4vlingen avg\u00f6rs fr\u00e5n 26 till 28 september. <\/p>\n<p>Omni \u00e4r politiskt obundna och oberoende. Vi str\u00e4var efter att ge fler perspektiv p\u00e5 nyheterna. Har du fr\u00e5gor eller synpunkter kring v\u00e5r rapportering? <a href=\"https:\/\/omni.se\/ludvig-aberg-uttagen-till-ryder-cup-i-new-york\/a\/mailto:redaktion@omni.se\" class=\"ArticleActions_contactLink__W2F1M\" rel=\"nofollow noopener\" target=\"_blank\">Kontakta redaktionen<\/a><\/p>\n","protected":false},"excerpt":{"rendered":"Svenska golfstj\u00e4rnan Ludvig \u00c5berg har blivit uttagen till Ryder Cup, rapporterar Expressen. Han blev utvald av kaptenen Luke&hellip;\n","protected":false},"author":2,"featured_media":19252,"comment_status":"","ping_status":"","sticky":false,"template":"","format":"standard","meta":{"footnotes":""},"categories":[68],"tags":[911,910,2446,34,111,110,31,33,32,30],"class_list":{"0":"post-19251","1":"post","2":"type-post","3":"status-publish","4":"format-standard","5":"has-post-thumbnail","7":"category-sport","8":"tag-golf","9":"tag-ludvig-aberg","10":"tag-ryder-cup","11":"tag-se","12":"tag-sport","13":"tag-sports","14":"tag-svenska","15":"tag-sverige","16":"tag-sweden","17":"tag-swedish"},"share_on_mastodon":{"url":"","error":""},"_links":{"self":[{"href":"https:\/\/www.europesays.com\/se\/wp-json\/wp\/v2\/posts\/19251","targetHints":{"allow":["GET"]}}],"collection":[{"href":"https:\/\/www.europesays.com\/se\/wp-json\/wp\/v2\/posts"}],"about":[{"href":"https:\/\/www.europesays.com\/se\/wp-json\/wp\/v2\/types\/post"}],"author":[{"embeddable":true,"href":"https:\/\/www.europesays.com\/se\/wp-json\/wp\/v2\/users\/2"}],"replies":[{"embeddable":true,"href":"https:\/\/www.europesays.com\/se\/wp-json\/wp\/v2\/comments?post=19251"}],"version-history":[{"count":0,"href":"https:\/\/www.europesays.com\/se\/wp-json\/wp\/v2\/posts\/19251\/revisions"}],"wp:featuredmedia":[{"embeddable":true,"href":"https:\/\/www.europesays.com\/se\/wp-json\/wp\/v2\/media\/19252"}],"wp:attachment":[{"href":"https:\/\/www.europesays.com\/se\/wp-json\/wp\/v2\/media?parent=19251"}],"wp:term":[{"taxonomy":"category","embeddable":true,"href":"https:\/\/www.europesays.com\/se\/wp-json\/wp\/v2\/categories?post=19251"},{"taxonomy":"post_tag","embeddable":true,"href":"https:\/\/www.europesays.com\/se\/wp-json\/wp\/v2\/tags?post=19251"}],"curies":[{"name":"wp","href":"https:\/\/api.w.org\/{rel}","templated":true}]}}