{"id":19266,"date":"2025-09-01T14:11:07","date_gmt":"2025-09-01T14:11:07","guid":{"rendered":"https:\/\/www.europesays.com\/se\/19266\/"},"modified":"2025-09-01T14:11:07","modified_gmt":"2025-09-01T14:11:07","slug":"nytt-atal-mot-ulf-blomqvist-smygfilmade-pa-skola-krim","status":"publish","type":"post","link":"https:\/\/www.europesays.com\/se\/19266\/","title":{"rendered":"Nytt \u00e5tal mot Ulf Blomqvist \u2013 smygfilmade p\u00e5 skola | Krim"},"content":{"rendered":"<p> Sommaren 2022 blev Ulf Blomqvist, d\u00e5 idrottsl\u00e4rare p\u00e5 en prestigeskola i Stockholm, p\u00e5kommen av kolleger n\u00e4r han smygfilmade unga flickor under ombyte vid en badutflykt. Kollegorna dokumenterade h\u00e4ndelsen och slog larm.<\/p>\n<p>\u00a0 Dagen efter br\u00f6t sig polisens nationella insatsstyrka in i Blomqvists l\u00e4genhet. P\u00e5 hans h\u00e5rddisk hittades tusentals bilder och filmer av \u00f6ver 100 flickor, organiserade i mappar efter datum och plats, huvudsakligen fr\u00e5n skoltiden.<\/p>\n<p> I maj 2023 d\u00f6mdes han till 3 \u00e5r och 6 m\u00e5naders f\u00e4ngelse f\u00f6r grovt barnpornografibrott, kr\u00e4nkande fotografering och sexuellt ofredande. Hovr\u00e4tten fastst\u00e4llde domen.<\/p>\n<p> Redan 2005 kom rapporter om ol\u00e4mpligt beteende fr\u00e5n Blomqvist p\u00e5 skolor i Haninge kommun. Han gick in i flickors omkl\u00e4dningsrum och misst\u00e4nktes f\u00f6r att filma under kjolar. Trots detta polisanm\u00e4ldes han aldrig.<\/p>\n<p> 2014 k\u00f6ptes han ut fr\u00e5n skolan i Haninge f\u00f6r \u00f6ver 500 000 kronor. D\u00e5varande skolchefen Lina Axelsson Kihlblom (senare skolminister) uppger att polisen informerades, men att ingen formell anm\u00e4lan gjordes eftersom brottsoffer inte kunde identifieras.<\/p>\n<p> Polisen kontaktade under v\u00e5ren 2025 160 tidigare elever fr\u00e5n skolorna i Haninge som identifierats i bildmaterialet. M\u00e5nga brott \u00e4r preskriberade, men i vissa fall kan \u00e5tal fortfarande v\u00e4ckas.\u00a0<\/p>\n","protected":false},"excerpt":{"rendered":"Sommaren 2022 blev Ulf Blomqvist, d\u00e5 idrottsl\u00e4rare p\u00e5 en prestigeskola i Stockholm, p\u00e5kommen av kolleger n\u00e4r han smygfilmade&hellip;\n","protected":false},"author":2,"featured_media":19267,"comment_status":"","ping_status":"","sticky":false,"template":"","format":"standard","meta":{"footnotes":""},"categories":[12],"tags":[22,23,26,27,17,21,24,25,28,29,15,16,18,34,666,31,33,32,30,19,20],"class_list":{"0":"post-19266","1":"post","2":"type-post","3":"status-publish","4":"format-standard","5":"has-post-thumbnail","7":"category-sverige","8":"tag-breaking-news","9":"tag-breakingnews","10":"tag-featured-news","11":"tag-featurednews","12":"tag-headlines","13":"tag-huvudnyheter","14":"tag-latest-news","15":"tag-latestnews","16":"tag-main-news","17":"tag-mainnews","18":"tag-news","19":"tag-nyheter","20":"tag-rubriker","21":"tag-se","22":"tag-sections-krim","23":"tag-svenska","24":"tag-sverige","25":"tag-sweden","26":"tag-swedish","27":"tag-top-stories","28":"tag-topstories"},"share_on_mastodon":{"url":"","error":""},"_links":{"self":[{"href":"https:\/\/www.europesays.com\/se\/wp-json\/wp\/v2\/posts\/19266","targetHints":{"allow":["GET"]}}],"collection":[{"href":"https:\/\/www.europesays.com\/se\/wp-json\/wp\/v2\/posts"}],"about":[{"href":"https:\/\/www.europesays.com\/se\/wp-json\/wp\/v2\/types\/post"}],"author":[{"embeddable":true,"href":"https:\/\/www.europesays.com\/se\/wp-json\/wp\/v2\/users\/2"}],"replies":[{"embeddable":true,"href":"https:\/\/www.europesays.com\/se\/wp-json\/wp\/v2\/comments?post=19266"}],"version-history":[{"count":0,"href":"https:\/\/www.europesays.com\/se\/wp-json\/wp\/v2\/posts\/19266\/revisions"}],"wp:featuredmedia":[{"embeddable":true,"href":"https:\/\/www.europesays.com\/se\/wp-json\/wp\/v2\/media\/19267"}],"wp:attachment":[{"href":"https:\/\/www.europesays.com\/se\/wp-json\/wp\/v2\/media?parent=19266"}],"wp:term":[{"taxonomy":"category","embeddable":true,"href":"https:\/\/www.europesays.com\/se\/wp-json\/wp\/v2\/categories?post=19266"},{"taxonomy":"post_tag","embeddable":true,"href":"https:\/\/www.europesays.com\/se\/wp-json\/wp\/v2\/tags?post=19266"}],"curies":[{"name":"wp","href":"https:\/\/api.w.org\/{rel}","templated":true}]}}