{"id":19278,"date":"2025-09-01T14:23:08","date_gmt":"2025-09-01T14:23:08","guid":{"rendered":"https:\/\/www.europesays.com\/se\/19278\/"},"modified":"2025-09-01T14:23:08","modified_gmt":"2025-09-01T14:23:08","slug":"kritiken-mot-polisen-efter-stoppade-yasinkonserten","status":"publish","type":"post","link":"https:\/\/www.europesays.com\/se\/19278\/","title":{"rendered":"Kritiken mot polisen efter stoppade Yasinkonserten"},"content":{"rendered":"<p>Publicerad 1 sep 2025 kl 16.09<\/p>\n<p>Polisen st\u00e4llde kort inp\u00e5 in Yasins spelning under en festival i Kristianstad.\u00a0<\/p>\n<p>Nu ser arrang\u00f6ren r\u00f6tt.<\/p>\n<p>\u00a0\u2013 Hur kan det vara okej?, s\u00e4ger Sam Doorali till <a href=\"https:\/\/www.aftonbladet.se\/nojesbladet\/a\/RzL0Ex\/tradgarden-festival-ar-kritiska-mot-polisens-beslut-att-stalla-in-yasins-konsert\" rel=\"nofollow noopener\" target=\"_blank\">Aftonbladet.\u00a0<\/a><\/p>\n<p><img   alt=\"\"\/> <\/p>\n<p>Foto: PRIVAT<\/p>\n<p>\u00d6ppna bild i helsk\u00e4rm<img loading=\"lazy\"   alt=\"\"\/><\/p>\n<p>Polisen p\u00e5 plats under festivalen.<\/p>\n<p>Foto: JENS CHRISTIAN<\/p>\n<p>\u00d6ppna bild i helsk\u00e4rm<\/p>\n<p>Polisen stoppade Yasins konsert under Tr\u00e4dg\u00e5rden festival i Kristianstad, n\u00e5got som Expressen kunde ber\u00e4tta.\u00a0<\/p>\n<p>\u2013 Alldeles just nu har vi fattat beslut att \u00e5terkalla delar av tillst\u00e5ndet f\u00f6r festivalen, r\u00f6rande en specifik artist, sa Thomas Johansson vid Kristianstadspolisen d\u00e5.<\/p>\n<p>I st\u00e4llet ersatte Jireel.\u00a0<\/p>\n<p>Expressen har flera g\u00e5nger efter det s\u00f6kt arrang\u00f6ren Sam Doorali som nu kritiserar polisen och menar att de fick beskedet via medierna.\u00a0<\/p>\n<p>\u2013 Vi har lagt ut enorma resurser f\u00f6r att bem\u00f6ta det tillst\u00e5ndet som kr\u00e4vdes f\u00f6r att ha Yasin p\u00e5 plats. Det kostar mycket att ha resurser p\u00e5 plats. Att sedan komma med detta dagen innan och \u00e4ndra tillst\u00e5ndet p\u00e5 grund av ny information, hur kan det vara okej?, s\u00e4ger han till Aftonbladet.\u00a0<\/p>\n<p>D\u00f6md f\u00f6r flera brott<\/p>\n<p>Rapparen Yasin Mahmoud \u00e4r d\u00f6md f\u00f6r flera brott och har tidigare av polis kopplats till g\u00e4nget Shottaz och Rinkebykonflikten mellan dem och D\u00f6dspatrullen.<\/p>\n<p>Tidigare i \u00e5r har \u00e4ven tv\u00e5 planerade Sverigespelningar med Yasin st\u00e4llts in p\u00e5 grund av polisens oro f\u00f6r s\u00e4kerhetsl\u00e4get.<\/p>\n<p>Polisen vill inte kommentera varf\u00f6r de tog beslutet att st\u00e4lla in konserten.\u00a0<\/p>\n<p>\u2013 Informationen som ligger till grund f\u00f6r att beslutet \u00e4ndrades h\u00e5ller vi f\u00f6r oss sj\u00e4lva, s\u00e4ger Thomas Johansson till Aftonbladet. \u00a0<\/p>\n","protected":false},"excerpt":{"rendered":"Publicerad 1 sep 2025 kl 16.09 Polisen st\u00e4llde kort inp\u00e5 in Yasins spelning under en festival i Kristianstad.\u00a0&hellip;\n","protected":false},"author":2,"featured_media":19279,"comment_status":"","ping_status":"","sticky":false,"template":"","format":"standard","meta":{"footnotes":""},"categories":[67],"tags":[104,34,775,31,33,32,30,105],"class_list":{"0":"post-19278","1":"post","2":"type-post","3":"status-publish","4":"format-standard","5":"has-post-thumbnail","7":"category-underhallning","8":"tag-entertainment","9":"tag-se","10":"tag-sections-musik","11":"tag-svenska","12":"tag-sverige","13":"tag-sweden","14":"tag-swedish","15":"tag-underhallning"},"share_on_mastodon":{"url":"","error":""},"_links":{"self":[{"href":"https:\/\/www.europesays.com\/se\/wp-json\/wp\/v2\/posts\/19278","targetHints":{"allow":["GET"]}}],"collection":[{"href":"https:\/\/www.europesays.com\/se\/wp-json\/wp\/v2\/posts"}],"about":[{"href":"https:\/\/www.europesays.com\/se\/wp-json\/wp\/v2\/types\/post"}],"author":[{"embeddable":true,"href":"https:\/\/www.europesays.com\/se\/wp-json\/wp\/v2\/users\/2"}],"replies":[{"embeddable":true,"href":"https:\/\/www.europesays.com\/se\/wp-json\/wp\/v2\/comments?post=19278"}],"version-history":[{"count":0,"href":"https:\/\/www.europesays.com\/se\/wp-json\/wp\/v2\/posts\/19278\/revisions"}],"wp:featuredmedia":[{"embeddable":true,"href":"https:\/\/www.europesays.com\/se\/wp-json\/wp\/v2\/media\/19279"}],"wp:attachment":[{"href":"https:\/\/www.europesays.com\/se\/wp-json\/wp\/v2\/media?parent=19278"}],"wp:term":[{"taxonomy":"category","embeddable":true,"href":"https:\/\/www.europesays.com\/se\/wp-json\/wp\/v2\/categories?post=19278"},{"taxonomy":"post_tag","embeddable":true,"href":"https:\/\/www.europesays.com\/se\/wp-json\/wp\/v2\/tags?post=19278"}],"curies":[{"name":"wp","href":"https:\/\/api.w.org\/{rel}","templated":true}]}}