{"id":19297,"date":"2025-09-01T14:42:07","date_gmt":"2025-09-01T14:42:07","guid":{"rendered":"https:\/\/www.europesays.com\/se\/19297\/"},"modified":"2025-09-01T14:42:07","modified_gmt":"2025-09-01T14:42:07","slug":"moska-hassas-pudlar-bar-palestinasjal-med-extremt-budskap","status":"publish","type":"post","link":"https:\/\/www.europesays.com\/se\/19297\/","title":{"rendered":"Moska Hassas pudlar \u2013 bar Palestinasjal med extremt budskap"},"content":{"rendered":"<p>Publicerad 1 sep 2025 kl 15.54Uppdaterad kl 16.36<\/p>\n<p>SSU:s ordf\u00f6rande Moska Hassas bar en sjal med islamistiska budskap.<\/p>\n<p>Nu tar hon avst\u00e5nd i ett inl\u00e4gg p\u00e5 X.<\/p>\n<p>Samtidigt g\u00e5r M-ministern Carl-Oskar Bohlin till attack mot Morgan Johansson (S) som poserade bredvid SSU-toppen.<\/p>\n<p>Senaste nyhetsklippen fr\u00e5n Expressen.<img   alt=\"\"\/><\/p>\n<p>Moska Hassas.<\/p>\n<p>Foto: Nino Chiaureli<\/p>\n<p>\u00d6ppna bild i helsk\u00e4rm<\/p>\n<p>Det var vid en demonstration i torsdags, d\u00e4r flera S-f\u00f6rbund samlats f\u00f6r en manifestation f\u00f6r fred i Gaza, som <a href=\"https:\/\/www.expressen.se\/tagg\/organization\/ssu\/\" class=\"\" rel=\"nofollow noopener\" target=\"_blank\">SSU<\/a>:s nya ordf\u00f6rande Moska Hassas bar den uppm\u00e4rksammade sjalen.<\/p>\n<p>Bilder p\u00e5 Hassas i sjalen har f\u00e5tt stor spridning p\u00e5 X, av bland andra debatt\u00f6ren Daniel Schatz. Han po\u00e4ngterar bland annat att den f\u00f6rest\u00e4ller en karta d\u00e4r Israel \u00e4r utraderat.<\/p>\n<p>\u201dVarf\u00f6r v\u00e4ljer SSU:s nya ordf\u00f6rande Moska Hassas att posera med en palestinasjal prydd med den arabiska texten &#8217;Jerusalem \u00e4r v\u00e5rt&#8217; och en bild av al-Aqsa-mosk\u00e9n \u2013 en slogan rotad i extremistiska och islamistiska kretsar? Och varf\u00f6r st\u00e5r Morgan Johansson och Annika Strandh\u00e4ll vid hennes sida?\u201d, skriver han.<\/p>\n<p><img loading=\"lazy\"   alt=\"\"\/><\/p>\n<p>Moska Hassas, Morgan Johansson och Annika Strandh\u00e4ll med flera demonstrerade f\u00f6r fred i Gaza.<\/p>\n<p>Foto: X<\/p>\n<p>\u00d6ppna bild i helsk\u00e4rm<\/p>\n<p>Tidigare Hamas-ledaren Yahya Sinwar har flera g\u00e5nger poserat i en snarlik sjal.<\/p>\n<p>P\u00e5 fotot med S-profilerna syns \u00e4ven Sara Kukka-Salam, ordf\u00f6randen f\u00f6r sidof\u00f6rbundet Tro och solidaritet samt kommunstyrelsens ordf\u00f6rande i Solna, i en liknande sjal.<\/p>\n<p>Ministerns k\u00e4nga mot Morgan Johansson<\/p>\n<p>Ytterligare en person som reagerar \u00e4r Carl-Oskar Bohlin (M), minister f\u00f6r civilt f\u00f6rsvar. I en kommentar till Expressen g\u00e5r han till angrepp mot Socialdemokraternas utrikespolitiske talesperson Morgan Johansson.<\/p>\n<p>\u2013 Tyv\u00e4rr s\u00e5 \u00e4r jag inte helt f\u00f6rv\u00e5nad \u00f6ver att det ser ut s\u00e5 h\u00e4r i SSU, som g\u00e5ng efter annan visat att de har sv\u00e5rt att h\u00e5lla gr\u00e4nsen mot extremism. Den stora fr\u00e5gan \u00e4r vad Morgan Johansson, Socialdemokraternas f\u00f6rmodade utrikesministerkandidat, h\u00e5ller p\u00e5 med n\u00e4r han poserar sida vid sida med dessa budskap. Har han nu gett sitt godk\u00e4nnande till att ungdomsf\u00f6rbundet reproducerar islamistiska budskap? s\u00e4ger Bohlin.<\/p>\n<p><img loading=\"lazy\"   alt=\"\"\/><\/p>\n<p>Carl-Oskar Bohlin (M).<\/p>\n<p>Foto: Claudio Bresciani\/TT<\/p>\n<p>\u00d6ppna bild i helsk\u00e4rm<\/p>\n<p>Efter uppm\u00e4rksamheten tar Moska Hassas avst\u00e5nd. I ett inl\u00e4gg p\u00e5 X f\u00f6rklarar hon att det inte var hennes sjal.<\/p>\n<p>\u201dP\u00e5 en demonstration i torsdags fick jag en sjal fr\u00e5n en person p\u00e5 plats, och s\u00e5g inte texten p\u00e5 den. Jag har nu blivit uppm\u00e4rksammad p\u00e5 texten som varken jag eller SSU st\u00e5r bakom. Vill d\u00e4rf\u00f6r vara tydlig med att detta var ett misstag\u201d, skriver hon.<\/p>\n<p>Inl\u00e4gget forts\u00e4tter:<\/p>\n<p>\u201dSSU kommer alltid st\u00e5 upp f\u00f6r tv\u00e5statsl\u00f6sningen, och f\u00f6r israelers och palestiniers r\u00e4tt att leva i fred och frihet.\u201d<\/p>\n<p><a href=\"https:\/\/x.com\/moska12h\/status\/1962492299985784854?s=46\" data-provider=\"twitter\" class=\"js-social-embed\" rel=\"nofollow\">https:\/\/x.com\/moska12h\/status\/1962492299985784854?s=46<\/a><strong>L\u00c4S MER: <\/strong><a href=\"https:\/\/www.expressen.se\/nyheter\/politik\/ssu-vill-lamna-nato--far-nobben-av-s\/\" class=\"\" rel=\"nofollow noopener\" target=\"_blank\">SSU vill l\u00e4mna Nato \u2013\u00a0f\u00e5r nobben av S<\/a><strong>L\u00c4S MER: <\/strong><a href=\"https:\/\/www.expressen.se\/nyheter\/politik\/edward-blom-rasar-mot-ssus-jesus-utspel-hogmod\/\" class=\"\" rel=\"nofollow noopener\" target=\"_blank\">Edward Blom rasar mot SSU:s Jesus-utspel: \u201dH\u00f6gmod\u201d<\/a><\/p>\n","protected":false},"excerpt":{"rendered":"Publicerad 1 sep 2025 kl 15.54Uppdaterad kl 16.36 SSU:s ordf\u00f6rande Moska Hassas bar en sjal med islamistiska budskap.&hellip;\n","protected":false},"author":2,"featured_media":19298,"comment_status":"","ping_status":"","sticky":false,"template":"","format":"standard","meta":{"footnotes":""},"categories":[14],"tags":[22,23,26,27,17,21,24,25,56,58,28,29,15,16,2248,2451,18,34,583,31,33,32,30,19,485,20,51,52,53,54],"class_list":{"0":"post-19297","1":"post","2":"type-post","3":"status-publish","4":"format-standard","5":"has-post-thumbnail","7":"category-varlden","8":"tag-breaking-news","9":"tag-breakingnews","10":"tag-featured-news","11":"tag-featurednews","12":"tag-headlines","13":"tag-huvudnyheter","14":"tag-latest-news","15":"tag-latestnews","16":"tag-location-gaza","17":"tag-location-israel","18":"tag-main-news","19":"tag-mainnews","20":"tag-news","21":"tag-nyheter","22":"tag-organization-ssu","23":"tag-person-annika-strandhall","24":"tag-rubriker","25":"tag-se","26":"tag-sections-politik","27":"tag-svenska","28":"tag-sverige","29":"tag-sweden","30":"tag-swedish","31":"tag-top-stories","32":"tag-topic-politik","33":"tag-topstories","34":"tag-varlden","35":"tag-world","36":"tag-world-news","37":"tag-worldnews"},"share_on_mastodon":{"url":"","error":""},"_links":{"self":[{"href":"https:\/\/www.europesays.com\/se\/wp-json\/wp\/v2\/posts\/19297","targetHints":{"allow":["GET"]}}],"collection":[{"href":"https:\/\/www.europesays.com\/se\/wp-json\/wp\/v2\/posts"}],"about":[{"href":"https:\/\/www.europesays.com\/se\/wp-json\/wp\/v2\/types\/post"}],"author":[{"embeddable":true,"href":"https:\/\/www.europesays.com\/se\/wp-json\/wp\/v2\/users\/2"}],"replies":[{"embeddable":true,"href":"https:\/\/www.europesays.com\/se\/wp-json\/wp\/v2\/comments?post=19297"}],"version-history":[{"count":0,"href":"https:\/\/www.europesays.com\/se\/wp-json\/wp\/v2\/posts\/19297\/revisions"}],"wp:featuredmedia":[{"embeddable":true,"href":"https:\/\/www.europesays.com\/se\/wp-json\/wp\/v2\/media\/19298"}],"wp:attachment":[{"href":"https:\/\/www.europesays.com\/se\/wp-json\/wp\/v2\/media?parent=19297"}],"wp:term":[{"taxonomy":"category","embeddable":true,"href":"https:\/\/www.europesays.com\/se\/wp-json\/wp\/v2\/categories?post=19297"},{"taxonomy":"post_tag","embeddable":true,"href":"https:\/\/www.europesays.com\/se\/wp-json\/wp\/v2\/tags?post=19297"}],"curies":[{"name":"wp","href":"https:\/\/api.w.org\/{rel}","templated":true}]}}