{"id":19312,"date":"2025-09-01T15:02:17","date_gmt":"2025-09-01T15:02:17","guid":{"rendered":"https:\/\/www.europesays.com\/se\/19312\/"},"modified":"2025-09-01T15:02:17","modified_gmt":"2025-09-01T15:02:17","slug":"tiedemann-hansen-lamnar-aik-klar-for-alborg-bk","status":"publish","type":"post","link":"https:\/\/www.europesays.com\/se\/19312\/","title":{"rendered":"Tiedemann Hansen l\u00e4mnar AIK \u2013 klar f\u00f6r \u00c5lborg BK"},"content":{"rendered":"<p>Publicerad 31 aug 2025 kl 01.18Uppdaterad kl 09.44<\/p>\n<p>Benjamin Tiedemann Hansen forts\u00e4tter karri\u00e4ren i Danmark.<\/p>\n<p>Enligt Expressens k\u00e4llor \u00e4r mittbacken klar f\u00f6r \u00c5lborg fr\u00e5n \u00e5rsskiftet \u2013 d\u00e4r 31-\u00e5ringen redan har klarat l\u00e4karunders\u00f6kningen och skrivit p\u00e5 fram till sommaren 2028.<\/p>\n<p>\u00c5lborg g\u00f6r ocks\u00e5 ett seri\u00f6st f\u00f6rs\u00f6k att k\u00f6pa dansken innan m\u00e5ndagens deadline.<\/p>\n<p><img   alt=\"\"\/> <\/p>\n<p>Foto: EMMA WALLSKOG \/ BILDBYR\u00c5N<\/p>\n<p>\u00d6ppna bild i helsk\u00e4rm<img loading=\"lazy\"   alt=\"\"\/><\/p>\n<p>Benjamin Tiedemann Hansen \u00e4r klar f\u00f6r \u00c5lborg. Han ansluter den 1 januari \u2013 men \u00c5lborg f\u00f6rs\u00f6ker k\u00f6pa loss honom innan Danmarks f\u00f6nster st\u00e4nger p\u00e5 m\u00e5ndag.<\/p>\n<p>Foto: Bj\u00f6rn Larsson Rosvall\/TT<\/p>\n<p>\u00d6ppna bild i helsk\u00e4rm<\/p>\n<p>Benjamin Tiedemann Hansen har g\u00e5tt fr\u00e5n att vara en given startspelare till att f\u00e5 sparsamt med speltid. Tr\u00e4naren Mikkjal Thomassen har spelat dansken till och fr\u00e5n under \u00e5ret.<\/p>\n<p>31-\u00e5ringen har bara spelat nio matcher i allsvenskan, varav tre fr\u00e5n start, och med ett kontrakt som l\u00f6per ut efter s\u00e4songen vill Tiedemann Hansen s\u00f6ka sig vidare.<\/p>\n<p>Enligt uppgifter till Expressen \u00e4r Benjamin Tiedemann Hansen klar f\u00f6r spel i \u00c5lborg i Danmark fr\u00e5n och med \u00e5rsskiftet. I g\u00e5r skrev <a href=\"https:\/\/www.aftonbladet.se\/sportbladet\/fotboll\/a\/5Exz3b\/avslojar-alborg-intresserade-av-benjamin-tiedemann-hansen\" rel=\"nofollow noopener\" target=\"_blank\">Aftonbladet<\/a> om det danska intresset.\u00a0<\/p>\n<p><img loading=\"lazy\"   alt=\"\"\/><\/p>\n<p>Benjamin Tidemann Hansen har f\u00e5tt sparsamt med speltid, och vill d\u00e4rf\u00f6r s\u00f6ka sig vidare redan i karri\u00e4ren.<\/p>\n<p>Foto: MICHAEL ERICHSEN \/ BILDBYR\u00c5N<\/p>\n<p>\u00d6ppna bild i helsk\u00e4rm<\/p>\n<p>Tidemann Hansen klarade den obligatoriska l\u00e4karunders\u00f6kningen hos \u00c5lborg under helgen, d\u00e4r han \u00e4ven skrivit p\u00e5 ett kontrakt som str\u00e4cker sig fram till sommaren 2028.<\/p>\n<p>Det kan Expressen avsl\u00f6ja. \u00c5lborg g\u00f6r ocks\u00e5 ett seri\u00f6st f\u00f6rs\u00f6k att k\u00f6pa loss f\u00f6rsvararen innan det danska transferf\u00f6nstret st\u00e4nger p\u00e5 m\u00e5ndag.<\/p>\n<p>D\u00e4r ska \u00c5lborg ha meddelat AIK att de \u00e4r redo att betala f\u00f6r att f\u00e5 Tiedemann Hansen omg\u00e5ende \u2013 och det \u00e5terst\u00e5r att se hur AIK st\u00e4ller sig till det.<\/p>\n<p>Klart st\u00e5r att Benjamin Tidemann Hansen kommer att byta AIK mot \u00c5lborg s\u00e5 sm\u00e5ningom d\u00e4r han redan undertecknat ett kontrakt.\u00a0<\/p>\n<p>Detta \u00e4r m\u00f6jligt eftersom att spelarens avtal med AIK l\u00f6per ut om mindre \u00e4n sex m\u00e5nader. Han har d\u00e4rf\u00f6r till\u00e5telse att tala med andra klubbar.<\/p>\n<p>Efter \u00e5tta omg\u00e5ngar ligger \u00c5lborg p\u00e5 niondeplats i den danska andraligan.<\/p>\n","protected":false},"excerpt":{"rendered":"Publicerad 31 aug 2025 kl 01.18Uppdaterad kl 09.44 Benjamin Tiedemann Hansen forts\u00e4tter karri\u00e4ren i Danmark. Enligt Expressens k\u00e4llor&hellip;\n","protected":false},"author":2,"featured_media":19313,"comment_status":"","ping_status":"","sticky":false,"template":"","format":"standard","meta":{"footnotes":""},"categories":[68],"tags":[131,34,130,129,111,110,31,33,32,30],"class_list":{"0":"post-19312","1":"post","2":"type-post","3":"status-publish","4":"format-standard","5":"has-post-thumbnail","7":"category-sport","8":"tag-organization-aik-fotboll","9":"tag-se","10":"tag-sections-allsvenskan","11":"tag-sections-fotboll","12":"tag-sport","13":"tag-sports","14":"tag-svenska","15":"tag-sverige","16":"tag-sweden","17":"tag-swedish"},"share_on_mastodon":{"url":"","error":""},"_links":{"self":[{"href":"https:\/\/www.europesays.com\/se\/wp-json\/wp\/v2\/posts\/19312","targetHints":{"allow":["GET"]}}],"collection":[{"href":"https:\/\/www.europesays.com\/se\/wp-json\/wp\/v2\/posts"}],"about":[{"href":"https:\/\/www.europesays.com\/se\/wp-json\/wp\/v2\/types\/post"}],"author":[{"embeddable":true,"href":"https:\/\/www.europesays.com\/se\/wp-json\/wp\/v2\/users\/2"}],"replies":[{"embeddable":true,"href":"https:\/\/www.europesays.com\/se\/wp-json\/wp\/v2\/comments?post=19312"}],"version-history":[{"count":0,"href":"https:\/\/www.europesays.com\/se\/wp-json\/wp\/v2\/posts\/19312\/revisions"}],"wp:featuredmedia":[{"embeddable":true,"href":"https:\/\/www.europesays.com\/se\/wp-json\/wp\/v2\/media\/19313"}],"wp:attachment":[{"href":"https:\/\/www.europesays.com\/se\/wp-json\/wp\/v2\/media?parent=19312"}],"wp:term":[{"taxonomy":"category","embeddable":true,"href":"https:\/\/www.europesays.com\/se\/wp-json\/wp\/v2\/categories?post=19312"},{"taxonomy":"post_tag","embeddable":true,"href":"https:\/\/www.europesays.com\/se\/wp-json\/wp\/v2\/tags?post=19312"}],"curies":[{"name":"wp","href":"https:\/\/api.w.org\/{rel}","templated":true}]}}