{"id":19321,"date":"2025-09-01T15:17:07","date_gmt":"2025-09-01T15:17:07","guid":{"rendered":"https:\/\/www.europesays.com\/se\/19321\/"},"modified":"2025-09-01T15:17:07","modified_gmt":"2025-09-01T15:17:07","slug":"symtom-som-kan-vara-tecken-pa-pcos-polycystiskt-ovarialsyndrom","status":"publish","type":"post","link":"https:\/\/www.europesays.com\/se\/19321\/","title":{"rendered":"Symtom som kan vara tecken p\u00e5 PCOS \u2013 polycystiskt ovarialsyndrom"},"content":{"rendered":"<p>Publicerad 1 sep 2025 kl 17.00<\/p>\n<p> Premium PCOS \u2013 polycystiskt ovariesyndrom \u2013 \u00e4r en hormonell rubbning som kan st\u00e4lla till det ordentligt f\u00f6r kvinnor i fertil \u00e5lder.<\/p>\n<p>Tyv\u00e4rr \u00e4r det ofta ocks\u00e5 ett sv\u00e5rdiagnostiserat tillst\u00e5nd.<\/p>\n<p>Det finns dock 9 varningstecken att h\u00e5lla koll p\u00e5.<\/p>\n<p><img   alt=\"Omkring 5-10 procent av alla kvinnor i Sverige lever med diagnosen PCOS \u2013 polycystiskt ovariesyndrom.\"\/><\/p>\n<p>Omkring 5-10 procent av alla kvinnor i Sverige lever med diagnosen PCOS \u2013 polycystiskt ovariesyndrom. Foto: SewCreamStudio \/ Shutterstock<\/p>\n<p>Dela artikel<\/p>\n<p>Kopiera l\u00e4nk<\/p>\n<p>L\u00e4nk kopierad<\/p>\n<p>Den kvinnliga kroppen har en k\u00e4nslig hormonbalans \u2013 och n\u00e4r den rubbas kan det leda till problem.<\/p>\n<p>Omkring 5-10 procent av alla kvinnor i Sverige lever med diagnosen PCOS \u2013 polycystiskt ovariesyndrom. Det inneb\u00e4r att du har m\u00e5nga \u00e4ggbl\u00e5sor p\u00e5 ena eller b\u00e5da \u00e4ggstockarna och samtidigt ofta mycket testosteron i kroppen.<\/p>\n","protected":false},"excerpt":{"rendered":"Publicerad 1 sep 2025 kl 17.00 Premium PCOS \u2013 polycystiskt ovariesyndrom \u2013 \u00e4r en hormonell rubbning som kan&hellip;\n","protected":false},"author":2,"featured_media":19322,"comment_status":"","ping_status":"","sticky":false,"template":"","format":"standard","meta":{"footnotes":""},"categories":[69],"tags":[1490,113,112,722,34,31,33,32,30],"class_list":{"0":"post-19321","1":"post","2":"type-post","3":"status-publish","4":"format-standard","5":"has-post-thumbnail","7":"category-halsa","8":"tag-graviditet","9":"tag-halsa","10":"tag-health","11":"tag-huffington-post","12":"tag-se","13":"tag-svenska","14":"tag-sverige","15":"tag-sweden","16":"tag-swedish"},"share_on_mastodon":{"url":"","error":""},"_links":{"self":[{"href":"https:\/\/www.europesays.com\/se\/wp-json\/wp\/v2\/posts\/19321","targetHints":{"allow":["GET"]}}],"collection":[{"href":"https:\/\/www.europesays.com\/se\/wp-json\/wp\/v2\/posts"}],"about":[{"href":"https:\/\/www.europesays.com\/se\/wp-json\/wp\/v2\/types\/post"}],"author":[{"embeddable":true,"href":"https:\/\/www.europesays.com\/se\/wp-json\/wp\/v2\/users\/2"}],"replies":[{"embeddable":true,"href":"https:\/\/www.europesays.com\/se\/wp-json\/wp\/v2\/comments?post=19321"}],"version-history":[{"count":0,"href":"https:\/\/www.europesays.com\/se\/wp-json\/wp\/v2\/posts\/19321\/revisions"}],"wp:featuredmedia":[{"embeddable":true,"href":"https:\/\/www.europesays.com\/se\/wp-json\/wp\/v2\/media\/19322"}],"wp:attachment":[{"href":"https:\/\/www.europesays.com\/se\/wp-json\/wp\/v2\/media?parent=19321"}],"wp:term":[{"taxonomy":"category","embeddable":true,"href":"https:\/\/www.europesays.com\/se\/wp-json\/wp\/v2\/categories?post=19321"},{"taxonomy":"post_tag","embeddable":true,"href":"https:\/\/www.europesays.com\/se\/wp-json\/wp\/v2\/tags?post=19321"}],"curies":[{"name":"wp","href":"https:\/\/api.w.org\/{rel}","templated":true}]}}