{"id":19329,"date":"2025-09-01T15:24:12","date_gmt":"2025-09-01T15:24:12","guid":{"rendered":"https:\/\/www.europesays.com\/se\/19329\/"},"modified":"2025-09-01T15:24:12","modified_gmt":"2025-09-01T15:24:12","slug":"bussterminalen-vid-slussen-forsenas-med-ett-halvar","status":"publish","type":"post","link":"https:\/\/www.europesays.com\/se\/19329\/","title":{"rendered":"Bussterminalen vid Slussen f\u00f6rsenas med ett halv\u00e5r"},"content":{"rendered":"<p>Den nya bussterminalen vid Slussen i Stockholm f\u00f6rsenas med ett halv\u00e5r. Enligt ett pressmeddelande fr\u00e5n Stockholms stads exploateringskontor kommer terminalen att \u00f6ppna h\u00f6sten 2026, i\u202fst\u00e4llet f\u00f6r i april som planerat.<\/p>\n<p>Orsaken \u00e4r f\u00f6rsenade installationsarbeten.<\/p>\n<p>\u201dS\u00e4kerheten kommer f\u00f6rst och f\u00f6rseningen inneb\u00e4r nu att den tillf\u00e4lliga bussterminalen vid Stadsg\u00e5rdsterminalen beh\u00f6ver anv\u00e4ndas l\u00e4ngre \u00e4n planerat.\u201d<\/p>\n<p>Omni \u00e4r politiskt obundna och oberoende. Vi str\u00e4var efter att ge fler perspektiv p\u00e5 nyheterna. Har du fr\u00e5gor eller synpunkter kring v\u00e5r rapportering? <a href=\"https:\/\/omni.se\/bussterminalen-vid-slussen-forsenas-med-ett-halvar\/a\/mailto:redaktion@omni.se\" class=\"ArticleActions_contactLink__W2F1M\" rel=\"nofollow noopener\" target=\"_blank\">Kontakta redaktionen<\/a><\/p>\n","protected":false},"excerpt":{"rendered":"Den nya bussterminalen vid Slussen i Stockholm f\u00f6rsenas med ett halv\u00e5r. Enligt ett pressmeddelande fr\u00e5n Stockholms stads exploateringskontor&hellip;\n","protected":false},"author":2,"featured_media":19330,"comment_status":"","ping_status":"","sticky":false,"template":"","format":"standard","meta":{"footnotes":""},"categories":[5],"tags":[22,23,26,27,17,21,24,25,28,29,15,16,18,34,258,127,31,33,32,30,19,20],"class_list":{"0":"post-19329","1":"post","2":"type-post","3":"status-publish","4":"format-standard","5":"has-post-thumbnail","7":"category-rubriker","8":"tag-breaking-news","9":"tag-breakingnews","10":"tag-featured-news","11":"tag-featurednews","12":"tag-headlines","13":"tag-huvudnyheter","14":"tag-latest-news","15":"tag-latestnews","16":"tag-main-news","17":"tag-mainnews","18":"tag-news","19":"tag-nyheter","20":"tag-rubriker","21":"tag-se","22":"tag-stockholm","23":"tag-stockholms-lan","24":"tag-svenska","25":"tag-sverige","26":"tag-sweden","27":"tag-swedish","28":"tag-top-stories","29":"tag-topstories"},"share_on_mastodon":{"url":"","error":""},"_links":{"self":[{"href":"https:\/\/www.europesays.com\/se\/wp-json\/wp\/v2\/posts\/19329","targetHints":{"allow":["GET"]}}],"collection":[{"href":"https:\/\/www.europesays.com\/se\/wp-json\/wp\/v2\/posts"}],"about":[{"href":"https:\/\/www.europesays.com\/se\/wp-json\/wp\/v2\/types\/post"}],"author":[{"embeddable":true,"href":"https:\/\/www.europesays.com\/se\/wp-json\/wp\/v2\/users\/2"}],"replies":[{"embeddable":true,"href":"https:\/\/www.europesays.com\/se\/wp-json\/wp\/v2\/comments?post=19329"}],"version-history":[{"count":0,"href":"https:\/\/www.europesays.com\/se\/wp-json\/wp\/v2\/posts\/19329\/revisions"}],"wp:featuredmedia":[{"embeddable":true,"href":"https:\/\/www.europesays.com\/se\/wp-json\/wp\/v2\/media\/19330"}],"wp:attachment":[{"href":"https:\/\/www.europesays.com\/se\/wp-json\/wp\/v2\/media?parent=19329"}],"wp:term":[{"taxonomy":"category","embeddable":true,"href":"https:\/\/www.europesays.com\/se\/wp-json\/wp\/v2\/categories?post=19329"},{"taxonomy":"post_tag","embeddable":true,"href":"https:\/\/www.europesays.com\/se\/wp-json\/wp\/v2\/tags?post=19329"}],"curies":[{"name":"wp","href":"https:\/\/api.w.org\/{rel}","templated":true}]}}