{"id":19439,"date":"2025-09-01T17:35:28","date_gmt":"2025-09-01T17:35:28","guid":{"rendered":"https:\/\/www.europesays.com\/se\/19439\/"},"modified":"2025-09-01T17:35:28","modified_gmt":"2025-09-01T17:35:28","slug":"zombiedrogen-okar-i-finland-sjukvarden-larmar","status":"publish","type":"post","link":"https:\/\/www.europesays.com\/se\/19439\/","title":{"rendered":"\u201dZombiedrogen\u201d \u00f6kar i Finland \u2013 sjukv\u00e5rden larmar"},"content":{"rendered":"<p>Den amfetaminliknande drogen alfa-PVP \u00f6kar kraftigt i Finland, och landets sjukv\u00e5rd larmar om den s\u00e5 kallade \u201dzombiedrogen\u201d och dess aggressiva anv\u00e4ndare, rapporterar SVT Nyheter. <\/p>\n<p>Drogen f\u00f6rs in av svenska och albanska kriminella n\u00e4tverk via Baltikum, och polisen i Finland har slagit larm om den \u00f6kande anv\u00e4ndningen. Beslagen har stiget med 800 procent under \u00e5rets f\u00f6rsta h\u00e4lft. <\/p>\n<p>En tidigare missbrukare beskriver f\u00f6r SVT att alfa-PVP ger en totalt euforisk k\u00e4nsla som varar i n\u00e5gra minuter men som snabbt g\u00e5r \u00f6ver i ett starkt behov av mer. Av sjukv\u00e5rden beskrivs anv\u00e4ndare som of\u00f6ruts\u00e4gbara, aggressiva och psykotiska \u2013 d\u00e4rav smeknamnet \u201dzombiedrogen\u201d.<\/p>\n<p>Omni \u00e4r politiskt obundna och oberoende. Vi str\u00e4var efter att ge fler perspektiv p\u00e5 nyheterna. Har du fr\u00e5gor eller synpunkter kring v\u00e5r rapportering? <a href=\"https:\/\/omni.se\/zombiedrogen-okar-i-finland-sjukvarden-larmar\/a\/mailto:redaktion@omni.se\" class=\"ArticleActions_contactLink__W2F1M\" rel=\"nofollow noopener\" target=\"_blank\">Kontakta redaktionen<\/a><\/p>\n","protected":false},"excerpt":{"rendered":"Den amfetaminliknande drogen alfa-PVP \u00f6kar kraftigt i Finland, och landets sjukv\u00e5rd larmar om den s\u00e5 kallade \u201dzombiedrogen\u201d och&hellip;\n","protected":false},"author":2,"featured_media":19440,"comment_status":"","ping_status":"","sticky":false,"template":"","format":"standard","meta":{"footnotes":""},"categories":[65],"tags":[72,70,71,267,684,113,34,31,33,32,30],"class_list":{"0":"post-19439","1":"post","2":"type-post","3":"status-publish","4":"format-standard","5":"has-post-thumbnail","7":"category-ekonomi","8":"tag-business","9":"tag-economy","10":"tag-ekonomi","11":"tag-europa","12":"tag-finland","13":"tag-halsa","14":"tag-se","15":"tag-svenska","16":"tag-sverige","17":"tag-sweden","18":"tag-swedish"},"share_on_mastodon":{"url":"","error":""},"_links":{"self":[{"href":"https:\/\/www.europesays.com\/se\/wp-json\/wp\/v2\/posts\/19439","targetHints":{"allow":["GET"]}}],"collection":[{"href":"https:\/\/www.europesays.com\/se\/wp-json\/wp\/v2\/posts"}],"about":[{"href":"https:\/\/www.europesays.com\/se\/wp-json\/wp\/v2\/types\/post"}],"author":[{"embeddable":true,"href":"https:\/\/www.europesays.com\/se\/wp-json\/wp\/v2\/users\/2"}],"replies":[{"embeddable":true,"href":"https:\/\/www.europesays.com\/se\/wp-json\/wp\/v2\/comments?post=19439"}],"version-history":[{"count":0,"href":"https:\/\/www.europesays.com\/se\/wp-json\/wp\/v2\/posts\/19439\/revisions"}],"wp:featuredmedia":[{"embeddable":true,"href":"https:\/\/www.europesays.com\/se\/wp-json\/wp\/v2\/media\/19440"}],"wp:attachment":[{"href":"https:\/\/www.europesays.com\/se\/wp-json\/wp\/v2\/media?parent=19439"}],"wp:term":[{"taxonomy":"category","embeddable":true,"href":"https:\/\/www.europesays.com\/se\/wp-json\/wp\/v2\/categories?post=19439"},{"taxonomy":"post_tag","embeddable":true,"href":"https:\/\/www.europesays.com\/se\/wp-json\/wp\/v2\/tags?post=19439"}],"curies":[{"name":"wp","href":"https:\/\/api.w.org\/{rel}","templated":true}]}}