{"id":19526,"date":"2025-09-01T19:54:19","date_gmt":"2025-09-01T19:54:19","guid":{"rendered":"https:\/\/www.europesays.com\/se\/19526\/"},"modified":"2025-09-01T19:54:19","modified_gmt":"2025-09-01T19:54:19","slug":"magdalena-andersson-brinner-for-byrakratin-viktor-barth-kron","status":"publish","type":"post","link":"https:\/\/www.europesays.com\/se\/19526\/","title":{"rendered":"Magdalena Andersson brinner f\u00f6r byr\u00e5kratin | Viktor Barth-Kron"},"content":{"rendered":"<p>Viktor Barth-Kron<\/p>\n<p>Publicerad 1 sep 2025 kl 15.09<\/p>\n<p>Viktor Barth-Kron lyssnar p\u00e5 ett tidigt och lite annorlunda valtal.<\/p>\n<p><img   alt=\"\"\/><\/p>\n<p>Magdalena Andersson h\u00e5ller tal p\u00e5 Sveav\u00e4gen 68.<\/p>\n<p>Foto: Claudio Bresciani\/TT<\/p>\n<p>\u00d6ppna bild i helsk\u00e4rm<\/p>\n<p>Detta \u00e4r en kommenterande text. Analys och st\u00e4llningstaganden \u00e4r skribentens.<\/p>\n<p><img   alt=\"\"\/>Viktor Barth-Kron<\/p>\n<p>\u201dI dag \u00e4r den dag d\u00e5 vi kliver in i september m\u00e5nad\u201d, inleder <strong>Magdalena Andersson<\/strong>.<\/p>\n<p><strong>Ett ovanligt konkret besked, dessutom korrekt i sak.<\/strong><\/p>\n<p>Klockan \u00e4r 14.00, det \u00e4r m\u00e5ndag och 377 dagar kvar till valet 2026 n\u00e4r Socialdemokraternas partiordf\u00f6rande tar till orda inf\u00f6r ett 60-tal \u00f6vertygade och uppenbarligen lediga anh\u00e4ngare p\u00e5 Sveav\u00e4gen 68.<\/p>\n<p>Det kan l\u00e5ta som en liten tillst\u00e4llning, men <a href=\"https:\/\/www.expressen.se\/tagg\/person\/magdalena-andersson\/\" class=\"\" rel=\"nofollow noopener\" target=\"_blank\">Magdalena Andersson<\/a> riktar sig tydligt till hela svenska folket. 523 potentiella v\u00e4ljare f\u00f6ljer ocks\u00e5 direkts\u00e4ndningen via Socialdemokraternas Youtubekanal.<\/p>\n<p>Men vad \u00e4r det hon vill?<\/p>\n<p>Efter en obligatorisk inledning om det allm\u00e4nna el\u00e4ndet i <strong>Ulf Kristerssons<\/strong> Sverige och i <strong>Maria Malmer Stenergards<\/strong> omv\u00e4rld kommer beskedet:<\/p>\n<p><strong>\u201dI valet n\u00e4sta \u00e5r kommer jag s\u00f6ka svenska folkets mandat f\u00f6r att bli v\u00e5rt lands statsminister\u201d, s\u00e4ger Magdalena Andersson.<\/strong><\/p>\n<p>Ett sus av utebliven f\u00f6rv\u00e5ning g\u00e5r genom publiken.<\/p>\n<p>Att Magdalena Andersson vill ha tillbaka sitt gamla jobb har varit uppenbart i tre \u00e5r nu, och konstigt vore f\u00f6rst\u00e5s annars. Omv\u00e4rldens fr\u00e5gor har d\u00e4rf\u00f6r l\u00e4nge kretsat kring dels hur hennes n\u00e4sta regering ska se ut, dels vad den ska g\u00f6ra.<\/p>\n<p>P\u00e5 den f\u00f6rsta fr\u00e5gan f\u00e5r vi inget svar i dag heller. P\u00e5 den andra \u00e4r penseldragen s\u00e5 breda att n\u00e4stan hela det politiska landskapet blir kladdigt.<\/p>\n<p>V\u00e4lf\u00e4rden ska ha en \u201dl\u00e5ngsiktig finansiering\u201d.<\/p>\n<p>Den ekonomiska politiken ska utg\u00e5 fr\u00e5n \u201dkunskap och kompetens\u201d.<\/p>\n<p>\u201dTillv\u00e4xt\u201d ska g\u00e5 f\u00f6re \u201dpopulism\u201d.<\/p>\n<blockquote><p>D\u00e4r har vi det: Teknokratin beg\u00e4r f\u00f6rtroende<\/p><\/blockquote>\n<p>Karensdagen ska visserligen avskaffas, men i \u00f6vrigt \u00f6nskar Magdalena Andersson mest bilda en regering \u201dsom utg\u00e5r fr\u00e5n det breda allm\u00e4nintresset\u201d och som kan \u201dsamla Sverige\u201d.<\/p>\n<p>Som positiva exempel n\u00e4mner hon hanteringen av 1990-talets finanskris och Natoprocessen. Om n\u00e5gon fr\u00e5n partiets v\u00e4nsterfalang fortfarande f\u00f6ljer Youtubes\u00e4ndningen sl\u00e4nger hen f\u00f6rmodligen ut datorn genom f\u00f6nstret ungef\u00e4r h\u00e4r.<\/p>\n<p><strong>Vill hon ingenting mer \u00e4n att bli statsminister!?<\/strong><\/p>\n<p>Jod\u00e5. Det finns en tydlig gl\u00f6d i Magdalena Anderssons politiska g\u00e4rning, och mot slutet av talet f\u00e5r den fritt spelrum.<\/p>\n<p>Synen p\u00e5 experter, utredare, myndigheter och opolitiska tj\u00e4nstem\u00e4n ska \u00e5teruppr\u00e4ttas efter ett maktskifte, sl\u00e5r Andersson fast. Hon har ocks\u00e5 gett bitr\u00e4dande partisekreterare <strong>Nils Vikm\u00e5ng<\/strong> i uppdrag att utreda hur regeringens arbete och statsministerns kansli fungerar.<\/p>\n<p>Ordning och reda m\u00e5ste s\u00e4kerst\u00e4llas!<\/p>\n<p>\u201dSvenska folket ska k\u00e4nna sig trygga med att svensk socialdemokrati kommer leda landet med kompetens, erfarenhet och \u00f6dmjukhet inf\u00f6r den nya tid vi lever i\u201d, s\u00e4ger Magdalena Andersson med emfas.<\/p>\n<p><strong>D\u00e4r har vi det: Teknokratin beg\u00e4r f\u00f6rtroende. Make Byr\u00e5kratin Great Again.<\/strong><\/p>\n<p>Det \u00e4r f\u00f6rst\u00e5s ocks\u00e5 ett slags vall\u00f6fte. Om de socialdemokratiska valarbetarna k\u00e4nner lika mycket entusiasm f\u00f6r det som partiordf\u00f6randen sj\u00e4lv g\u00f6r \u00e4r os\u00e4kert, liksom om budskapet ligger helt r\u00e4tt i tiden eller kommer 15-20 \u00e5r f\u00f6r sent.\u00a0<\/p>\n<p>Vi f\u00e5r \u00e5terkomma om det. Om 378 dagar eller s\u00e5.<\/p>\n<p>Viktor Barth-Kron \u00e4r politisk kommentator p\u00e5 Expressen.<\/p>\n","protected":false},"excerpt":{"rendered":"Viktor Barth-Kron Publicerad 1 sep 2025 kl 15.09 Viktor Barth-Kron lyssnar p\u00e5 ett tidigt och lite annorlunda valtal.&hellip;\n","protected":false},"author":2,"featured_media":19527,"comment_status":"","ping_status":"","sticky":false,"template":"","format":"standard","meta":{"footnotes":""},"categories":[12],"tags":[22,23,26,27,17,21,24,25,28,29,15,16,1458,1207,18,34,1238,31,33,32,30,19,485,20],"class_list":{"0":"post-19526","1":"post","2":"type-post","3":"status-publish","4":"format-standard","5":"has-post-thumbnail","7":"category-sverige","8":"tag-breaking-news","9":"tag-breakingnews","10":"tag-featured-news","11":"tag-featurednews","12":"tag-headlines","13":"tag-huvudnyheter","14":"tag-latest-news","15":"tag-latestnews","16":"tag-main-news","17":"tag-mainnews","18":"tag-news","19":"tag-nyheter","20":"tag-organization-socialdemokraterna","21":"tag-person-magdalena-andersson","22":"tag-rubriker","23":"tag-se","24":"tag-sections-viktorbarthkron","25":"tag-svenska","26":"tag-sverige","27":"tag-sweden","28":"tag-swedish","29":"tag-top-stories","30":"tag-topic-politik","31":"tag-topstories"},"share_on_mastodon":{"url":"","error":""},"_links":{"self":[{"href":"https:\/\/www.europesays.com\/se\/wp-json\/wp\/v2\/posts\/19526","targetHints":{"allow":["GET"]}}],"collection":[{"href":"https:\/\/www.europesays.com\/se\/wp-json\/wp\/v2\/posts"}],"about":[{"href":"https:\/\/www.europesays.com\/se\/wp-json\/wp\/v2\/types\/post"}],"author":[{"embeddable":true,"href":"https:\/\/www.europesays.com\/se\/wp-json\/wp\/v2\/users\/2"}],"replies":[{"embeddable":true,"href":"https:\/\/www.europesays.com\/se\/wp-json\/wp\/v2\/comments?post=19526"}],"version-history":[{"count":0,"href":"https:\/\/www.europesays.com\/se\/wp-json\/wp\/v2\/posts\/19526\/revisions"}],"wp:featuredmedia":[{"embeddable":true,"href":"https:\/\/www.europesays.com\/se\/wp-json\/wp\/v2\/media\/19527"}],"wp:attachment":[{"href":"https:\/\/www.europesays.com\/se\/wp-json\/wp\/v2\/media?parent=19526"}],"wp:term":[{"taxonomy":"category","embeddable":true,"href":"https:\/\/www.europesays.com\/se\/wp-json\/wp\/v2\/categories?post=19526"},{"taxonomy":"post_tag","embeddable":true,"href":"https:\/\/www.europesays.com\/se\/wp-json\/wp\/v2\/tags?post=19526"}],"curies":[{"name":"wp","href":"https:\/\/api.w.org\/{rel}","templated":true}]}}