{"id":19534,"date":"2025-09-01T20:10:18","date_gmt":"2025-09-01T20:10:18","guid":{"rendered":"https:\/\/www.europesays.com\/se\/19534\/"},"modified":"2025-09-01T20:10:18","modified_gmt":"2025-09-01T20:10:18","slug":"ssus-ordforande-pudlar-efter-budskapet-pa-sjalen","status":"publish","type":"post","link":"https:\/\/www.europesays.com\/se\/19534\/","title":{"rendered":"SSU:s ordf\u00f6rande pudlar efter budskapet p\u00e5 sjalen"},"content":{"rendered":"<p>SSU:s ordf\u00f6rande Moska Hassas bar en palestinasjal med texten \u201dJerusalem \u00e4r v\u00e5rt\u201d p\u00e5 en demonstration f\u00f6r fred i Gaza. I ett inl\u00e4gg p\u00e5 X skriver Hassas att hon fick sjalen fr\u00e5n en person p\u00e5 plats och inte s\u00e5g texten p\u00e5 den.<\/p>\n<p>\u201dSSU kommer alltid st\u00e5 upp f\u00f6r tv\u00e5statsl\u00f6sningen, och f\u00f6r israelers och palestiniers r\u00e4tt att leva i fred och frihet\u201d, skriver hon.<\/p>\n<p>P\u00e5 en bild fr\u00e5n demonstrationen syns Hassas sida vid sida med bland andra Morgan Johansson (S). En som reagerat \u00e4r Carl-Oskar Bohlin (M), minister f\u00f6r civilt f\u00f6rsvar.<\/p>\n<p>\u2013 Tyv\u00e4rr s\u00e5 \u00e4r jag inte helt f\u00f6rv\u00e5nad \u00f6ver att det ser ut s\u00e5 h\u00e4r i SSU, som g\u00e5ng efter annan visat att de har sv\u00e5rt att h\u00e5lla gr\u00e4nsen mot extremism, s\u00e4ger Bohlin till Expressen, och undrar om Johansson ger godk\u00e4nnande till att ungdomsf\u00f6rbundet \u201dreproducerar islamistiska budskap\u201d.<\/p>\n<p>Jerusalems status \u00e4r en av de mest omstridda fr\u00e5gorna i Israel-Palestina-konflikten.<\/p>\n<p>Omni \u00e4r politiskt obundna och oberoende. Vi str\u00e4var efter att ge fler perspektiv p\u00e5 nyheterna. Har du fr\u00e5gor eller synpunkter kring v\u00e5r rapportering? <a href=\"https:\/\/omni.se\/ssu-s-ordforande-pudlar-efter-budskapet-pa-sjalen\/a\/mailto:redaktion@omni.se\" class=\"ArticleActions_contactLink__W2F1M\" rel=\"nofollow noopener\" target=\"_blank\">Kontakta redaktionen<\/a><\/p>\n","protected":false},"excerpt":{"rendered":"SSU:s ordf\u00f6rande Moska Hassas bar en palestinasjal med texten \u201dJerusalem \u00e4r v\u00e5rt\u201d p\u00e5 en demonstration f\u00f6r fred i&hellip;\n","protected":false},"author":2,"featured_media":19535,"comment_status":"","ping_status":"","sticky":false,"template":"","format":"standard","meta":{"footnotes":""},"categories":[12],"tags":[22,23,2473,26,27,121,17,21,342,24,25,28,29,124,125,2472,15,16,123,369,18,34,1557,2474,31,33,2475,32,30,19,20],"class_list":{"0":"post-19534","1":"post","2":"type-post","3":"status-publish","4":"format-standard","5":"has-post-thumbnail","7":"category-sverige","8":"tag-breaking-news","9":"tag-breakingnews","10":"tag-carl-oskar-bohlin","11":"tag-featured-news","12":"tag-featurednews","13":"tag-gaza","14":"tag-headlines","15":"tag-huvudnyheter","16":"tag-israel","17":"tag-latest-news","18":"tag-latestnews","19":"tag-main-news","20":"tag-mainnews","21":"tag-mellanostern","22":"tag-mellanosternkrisen","23":"tag-morgan-johansson","24":"tag-news","25":"tag-nyheter","26":"tag-palestina","27":"tag-politik","28":"tag-rubriker","29":"tag-se","30":"tag-socialdemokraterna","31":"tag-ssu","32":"tag-svenska","33":"tag-sverige","34":"tag-sveriges-socialdemokratiska-ungdomsforbund","35":"tag-sweden","36":"tag-swedish","37":"tag-top-stories","38":"tag-topstories"},"share_on_mastodon":{"url":"","error":""},"_links":{"self":[{"href":"https:\/\/www.europesays.com\/se\/wp-json\/wp\/v2\/posts\/19534","targetHints":{"allow":["GET"]}}],"collection":[{"href":"https:\/\/www.europesays.com\/se\/wp-json\/wp\/v2\/posts"}],"about":[{"href":"https:\/\/www.europesays.com\/se\/wp-json\/wp\/v2\/types\/post"}],"author":[{"embeddable":true,"href":"https:\/\/www.europesays.com\/se\/wp-json\/wp\/v2\/users\/2"}],"replies":[{"embeddable":true,"href":"https:\/\/www.europesays.com\/se\/wp-json\/wp\/v2\/comments?post=19534"}],"version-history":[{"count":0,"href":"https:\/\/www.europesays.com\/se\/wp-json\/wp\/v2\/posts\/19534\/revisions"}],"wp:featuredmedia":[{"embeddable":true,"href":"https:\/\/www.europesays.com\/se\/wp-json\/wp\/v2\/media\/19535"}],"wp:attachment":[{"href":"https:\/\/www.europesays.com\/se\/wp-json\/wp\/v2\/media?parent=19534"}],"wp:term":[{"taxonomy":"category","embeddable":true,"href":"https:\/\/www.europesays.com\/se\/wp-json\/wp\/v2\/categories?post=19534"},{"taxonomy":"post_tag","embeddable":true,"href":"https:\/\/www.europesays.com\/se\/wp-json\/wp\/v2\/tags?post=19534"}],"curies":[{"name":"wp","href":"https:\/\/api.w.org\/{rel}","templated":true}]}}