{"id":19592,"date":"2025-09-01T22:11:07","date_gmt":"2025-09-01T22:11:07","guid":{"rendered":"https:\/\/www.europesays.com\/se\/19592\/"},"modified":"2025-09-01T22:11:07","modified_gmt":"2025-09-01T22:11:07","slug":"kraftigt-ovader-drar-in-rejal-rotblota","status":"publish","type":"post","link":"https:\/\/www.europesays.com\/se\/19592\/","title":{"rendered":"Kraftigt ov\u00e4der drar in: \u201dRej\u00e4l rotbl\u00f6ta\u201d"},"content":{"rendered":"<p>Publicerad 1 sep 2025 kl 19.54Uppdaterad kl 22.37<\/p>\n<p>Ett kraftigt ov\u00e4der \u00e4r p\u00e5 v\u00e4g in \u00f6ver s\u00f6dra Sverige.<\/p>\n<p>Under tisdagen v\u00e4ntas skyfall med regnm\u00e4ngder p\u00e5 uppemot 50 millimeter, vilket har f\u00e5tt SMHI att g\u00e5 ut med en gul varning.<\/p>\n<p>\u2013 Det blir en rej\u00e4l rotbl\u00f6ta, s\u00e4ger meteorologen Johan Groth.<\/p>\n<p>Senaste klippen om kriget i Ukraina.<img   alt=\"\"\/><\/p>\n<p>Ett kraftigt regnov\u00e4der drar in \u00f6ver landet under tisdagen.<\/p>\n<p>Foto: Jeppe Gustafsson \/ TT NYHETSBYR\u00c5N<\/p>\n<p>\u00d6ppna bild i helsk\u00e4rm<\/p>\n<p>M\u00e5ndagen har bjudit p\u00e5 sensommarsol i stora delar av landet. Allra varmast har det varit l\u00e4ngs V\u00e4stkusten och i Sk\u00e5ne, d\u00e4r kvicksilvret i termometern n\u00e5tt upp \u00f6ver 25 grader.<\/p>\n<p>Men det fina v\u00e4dret blir kortvarigt \u2013 redan under tisdagen drar ett ov\u00e4der in v\u00e4sterifr\u00e5n.<\/p>\n<p>P\u00e5 grund av ov\u00e4dret har SMHI utf\u00e4rdat en gul varning f\u00f6r skyfallsliknande regn i de inre delarna av V\u00e4stra G\u00f6taland, s\u00f6dra V\u00e4rmland och ett omr\u00e5de i Sm\u00e5land som omfattar b\u00e5de V\u00e4xj\u00f6 och J\u00f6nk\u00f6ping.\u00a0<\/p>\n<p>Varningen g\u00e4ller fr\u00e5n klockan 13 p\u00e5 tisdagen till 01 natten mot onsdag. P\u00e5 vissa platser kan s\u00e5 mycket som 50 millimeter regn falla under kort tid.<\/p>\n<p>\u2013 Det r\u00f6r sig v\u00e4ldigt l\u00e5ngsamt, vilket g\u00f6r att det blir stora lokala nederb\u00f6rdsm\u00e4ngder. Det kan bli en rej\u00e4l rotbl\u00f6ta f\u00f6r en del, s\u00e4ger Johan Groth, meteorolog p\u00e5 Stormgeo.<\/p>\n<p><img loading=\"lazy\"   alt=\"\"\/><\/p>\n<p>SMHI:s varning.<\/p>\n<p>Foto: SMHI<\/p>\n<p>\u00d6ppna bild i helsk\u00e4rmSMHI: Kan st\u00e4lla till med problem<\/p>\n<p>P\u00e5 sin hemsida skriver SMHI att ov\u00e4dret kan f\u00f6ra med sig en rad problem, bland annat \u00f6versv\u00e4mningar i till exempel k\u00e4llare och dagvattensystem. Restider riskera ocks\u00e5 att f\u00f6rl\u00e4ngas p\u00e5 grund av d\u00e5lig sikt och vattenplaning.<\/p>\n<p>Ov\u00e4dret r\u00f6r sig norrut under veckan och v\u00e4ntas ha passerat landet f\u00f6rst under torsdagen. D\u00e4refter finns det en chans f\u00f6r mer stabilt v\u00e4der till helgen.\u00a0<\/p>\n<p>\u2013 D\u00e5 ser det ut v\u00e4xa in en svag h\u00f6gtrycksrygg i \u00f6st. Men jag skulle kanske inte l\u00e4gga alla mina pengar p\u00e5 att helgen blir kanon, f\u00f6r det syns ocks\u00e5 en hel del klumpar med nederb\u00f6rdsomr\u00e5den som kan st\u00e4lla till det, s\u00e4ger Groth.<\/p>\n","protected":false},"excerpt":{"rendered":"Publicerad 1 sep 2025 kl 19.54Uppdaterad kl 22.37 Ett kraftigt ov\u00e4der \u00e4r p\u00e5 v\u00e4g in \u00f6ver s\u00f6dra Sverige.&hellip;\n","protected":false},"author":2,"featured_media":19593,"comment_status":"","ping_status":"","sticky":false,"template":"","format":"standard","meta":{"footnotes":""},"categories":[5],"tags":[22,23,26,27,17,21,24,25,212,28,29,15,16,18,34,281,31,33,32,30,19,290,20],"class_list":{"0":"post-19592","1":"post","2":"type-post","3":"status-publish","4":"format-standard","5":"has-post-thumbnail","7":"category-rubriker","8":"tag-breaking-news","9":"tag-breakingnews","10":"tag-featured-news","11":"tag-featurednews","12":"tag-headlines","13":"tag-huvudnyheter","14":"tag-latest-news","15":"tag-latestnews","16":"tag-location-sverige","17":"tag-main-news","18":"tag-mainnews","19":"tag-news","20":"tag-nyheter","21":"tag-rubriker","22":"tag-se","23":"tag-sections-vader","24":"tag-svenska","25":"tag-sverige","26":"tag-sweden","27":"tag-swedish","28":"tag-top-stories","29":"tag-topic-vaderprognos","30":"tag-topstories"},"share_on_mastodon":{"url":"","error":""},"_links":{"self":[{"href":"https:\/\/www.europesays.com\/se\/wp-json\/wp\/v2\/posts\/19592","targetHints":{"allow":["GET"]}}],"collection":[{"href":"https:\/\/www.europesays.com\/se\/wp-json\/wp\/v2\/posts"}],"about":[{"href":"https:\/\/www.europesays.com\/se\/wp-json\/wp\/v2\/types\/post"}],"author":[{"embeddable":true,"href":"https:\/\/www.europesays.com\/se\/wp-json\/wp\/v2\/users\/2"}],"replies":[{"embeddable":true,"href":"https:\/\/www.europesays.com\/se\/wp-json\/wp\/v2\/comments?post=19592"}],"version-history":[{"count":0,"href":"https:\/\/www.europesays.com\/se\/wp-json\/wp\/v2\/posts\/19592\/revisions"}],"wp:featuredmedia":[{"embeddable":true,"href":"https:\/\/www.europesays.com\/se\/wp-json\/wp\/v2\/media\/19593"}],"wp:attachment":[{"href":"https:\/\/www.europesays.com\/se\/wp-json\/wp\/v2\/media?parent=19592"}],"wp:term":[{"taxonomy":"category","embeddable":true,"href":"https:\/\/www.europesays.com\/se\/wp-json\/wp\/v2\/categories?post=19592"},{"taxonomy":"post_tag","embeddable":true,"href":"https:\/\/www.europesays.com\/se\/wp-json\/wp\/v2\/tags?post=19592"}],"curies":[{"name":"wp","href":"https:\/\/api.w.org\/{rel}","templated":true}]}}