{"id":195921,"date":"2026-03-20T15:37:10","date_gmt":"2026-03-20T15:37:10","guid":{"rendered":"https:\/\/www.europesays.com\/se\/195921\/"},"modified":"2026-03-20T15:37:10","modified_gmt":"2026-03-20T15:37:10","slug":"varen-da-karnevalen-tog-over-studentlivet-lundagard-se","status":"publish","type":"post","link":"https:\/\/www.europesays.com\/se\/195921\/","title":{"rendered":"V\u00e5ren d\u00e5 karnevalen tog \u00f6ver studentlivet \u2013 Lundagard.se"},"content":{"rendered":"<p style=\"font-family: 'pragmatica', sans-serif;\">&#13;<br \/>\n                        <b>&#13;<br \/>\n                            Upprop, Karneveljen, sektioner hit och dit \u2013 Lundakarnevalen \u00e4r ett hysteri som tagit \u00f6ver Lundastudenternas liv. \u00c4r Lundag\u00e5rds studentlivskr\u00f6nik\u00f6r Ida M\u00f6ller Johansson den enda som kan t\u00e4nka p\u00e5 n\u00e5got annat? Hon undrar: Hur f\u00e5r man ut det b\u00e4sta studentlivet under en v\u00e5r som pr\u00e4glas av karnevalskaos?                         <\/b>&#13;\n                    <\/p>\n<p class=\"p1\">Detta \u00e4r en opinionstext i Lundag\u00e5rd. \u00c5sikterna som utrycks \u00e4r skribentens egna.<\/p>\n<p>Lundakarnevalen, studenternas fr\u00f6jd och eviga l\u00e4ngtan. Hoppets ljus efter vinterns l\u00e5nga m\u00f6rker. Vart fj\u00e4rde \u00e5r h\u00e4nder det, och vart fj\u00e4rde \u00e5r \u2013 det \u00e4r nu! Karnevalen \u00e4r onekligen en tillst\u00e4llning som f\u00f6r samman studenter fr\u00e5n alla v\u00e4derstreck, fakulteter och \u00e5ldrar.\u00a0<\/p>\n<p><strong>Vem har inte<\/strong> sett en karnevalsaffisch p\u00e5 campus? Eller tagit en promenad i det h\u00e4rliga v\u00e5rv\u00e4dret och m\u00f6ts av en ringlande k\u00f6 fr\u00e5n AF-borgen till Stortorget? Trots att det fortfarande \u00e4r tv\u00e5 m\u00e5nader kvar till startskottet f\u00f6r Celestialkarnevalen \u00e4r det om\u00f6jligt att missa vad som komma skall.<\/p>\n<p>Men det \u00e4r allt f\u00f6r l\u00e4tt att dras med i gemenskapens friska vindar och snurra in sig djupt i den karnevalistiska charmen. Att se fram emot n\u00e5gonting s\u00e5 h\u00e4r mycket riskerar ocks\u00e5 att blotta lyckans baksida. Nu har karnevalshysterin har tagit \u00f6ver staden och planterat sig i varenda tanke som studenterna t\u00e4nker. N\u00e4r det \u00e4r som h\u00e4rligast finns det en risk att vi gl\u00f6mmer bort allt annat som Lund har att erbjuda. Nu n\u00e4r karnevalen \u00e4r det enda folk pratar om \u00e4r det sv\u00e5rt att f\u00e5 tankarna p\u00e5 andra banor. Jag \u00e4r r\u00e4dd att vi kommer l\u00e4ngta bort hela v\u00e5ren och gl\u00f6mma att ens njuta av den.<\/p>\n<p><strong>Hur h\u00e4rlig karnevalen<\/strong> \u00e4n m\u00e5 vara funderar jag: \u00c4r dess inflytande \u00f6ver oss h\u00e4lsosamt? P\u00e5 senaste tiden kan jag inte g\u00e5 en dag utan att h\u00f6ra folk prata om karnevalen. Ska deltagande i samtal om karnevalen verkligen vara ett krav f\u00f6r att vistas i studentlivet?<\/p>\n<p>Hur blir det med resten av v\u00e5rens h\u00f6jdpunkter? Valborg, nationerna, tenta\u00f6len \u2013 samtalen som brukar toppa listorna f\u00f6r samtals\u00e4mnen, men som i \u00e5r tycks f\u00f6rsvinna i karnevalscharmen. Det vanliga studentlivet som vi alla kan relatera till och inkluderas i. Kommer vi gl\u00f6mma bort att njuta av resten? Det \u00e4r snarare det vi borde fokusera p\u00e5. Karnevalen kommer ju \u00e4nd\u00e5!<\/p>\n<p><strong>Jag vill nog<\/strong> b\u00e5de ha kakan och \u00e4ta den. Visst ser jag fram emot att b\u00e5de engagera mig i och bes\u00f6ka karnevalen \u2013 det \u00e4r trots allt en fantastisk sammankomst f\u00f6r Lunds studenter. Men jag \u00e4r inte redo att l\u00e5ta karnevalen sluka hela v\u00e5ren, n\u00e5got jag verkar vara ensam om. Jag st\u00e5r kvar i dilemmat om hur jag ska maximera min kanske sista termin i Lund, karnevalshysterin till trots!<\/p>\n","protected":false},"excerpt":{"rendered":"&#13; &#13; Upprop, Karneveljen, sektioner hit och dit \u2013 Lundakarnevalen \u00e4r ett hysteri som tagit \u00f6ver Lundastudenternas liv.&hellip;\n","protected":false},"author":2,"featured_media":195922,"comment_status":"","ping_status":"","sticky":false,"template":"","format":"standard","meta":{"footnotes":""},"categories":[67],"tags":[104,34,31,33,32,30,105],"class_list":{"0":"post-195921","1":"post","2":"type-post","3":"status-publish","4":"format-standard","5":"has-post-thumbnail","7":"category-underhallning","8":"tag-entertainment","9":"tag-se","10":"tag-svenska","11":"tag-sverige","12":"tag-sweden","13":"tag-swedish","14":"tag-underhallning"},"share_on_mastodon":{"url":"https:\/\/pubeurope.com\/@se\/116262249935527697","error":""},"_links":{"self":[{"href":"https:\/\/www.europesays.com\/se\/wp-json\/wp\/v2\/posts\/195921","targetHints":{"allow":["GET"]}}],"collection":[{"href":"https:\/\/www.europesays.com\/se\/wp-json\/wp\/v2\/posts"}],"about":[{"href":"https:\/\/www.europesays.com\/se\/wp-json\/wp\/v2\/types\/post"}],"author":[{"embeddable":true,"href":"https:\/\/www.europesays.com\/se\/wp-json\/wp\/v2\/users\/2"}],"replies":[{"embeddable":true,"href":"https:\/\/www.europesays.com\/se\/wp-json\/wp\/v2\/comments?post=195921"}],"version-history":[{"count":0,"href":"https:\/\/www.europesays.com\/se\/wp-json\/wp\/v2\/posts\/195921\/revisions"}],"wp:featuredmedia":[{"embeddable":true,"href":"https:\/\/www.europesays.com\/se\/wp-json\/wp\/v2\/media\/195922"}],"wp:attachment":[{"href":"https:\/\/www.europesays.com\/se\/wp-json\/wp\/v2\/media?parent=195921"}],"wp:term":[{"taxonomy":"category","embeddable":true,"href":"https:\/\/www.europesays.com\/se\/wp-json\/wp\/v2\/categories?post=195921"},{"taxonomy":"post_tag","embeddable":true,"href":"https:\/\/www.europesays.com\/se\/wp-json\/wp\/v2\/tags?post=195921"}],"curies":[{"name":"wp","href":"https:\/\/api.w.org\/{rel}","templated":true}]}}