{"id":19598,"date":"2025-09-01T22:21:17","date_gmt":"2025-09-01T22:21:17","guid":{"rendered":"https:\/\/www.europesays.com\/se\/19598\/"},"modified":"2025-09-01T22:21:17","modified_gmt":"2025-09-01T22:21:17","slug":"rogle-ger-lugnande-besked-efter-smallen-alles-gut","status":"publish","type":"post","link":"https:\/\/www.europesays.com\/se\/19598\/","title":{"rendered":"R\u00f6gle ger lugnande besked efter sm\u00e4llen: &#8221;Alles gut&#8221;"},"content":{"rendered":"<p><strong><a href=\"https:\/\/hockeysverige.se\/klubb\/rogle-bk\/\" rel=\"nofollow noopener\" target=\"_blank\">R\u00f6gle BK<\/a> ger lugnande besked kring Mark Friedman.<br \/>Stj\u00e4rnv\u00e4rvningen, som klev av efter en sm\u00e4ll i helgen, tr\u00e4nade f\u00f6r fullt under m\u00e5ndagen. <br \/>\u2013\u00a0Ingen ko p\u00e5 isen, skriver Sj\u00f6str\u00f6m i ett sms till hockeysverige.se.<\/strong><\/p>\n<p><img loading=\"lazy\" decoding=\"async\" width=\"1024\" height=\"658\" src=\"https:\/\/www.europesays.com\/se\/wp-content\/uploads\/2025\/09\/SJostrom-Friedman-1024x658.webp.webp\" alt=\"\" class=\"wp-image-300665\"  \/>Hampus Sj\u00f6str\u00f6m och Mark Friedman efter sm\u00e4llen mot HV71.<strong> Foto:<\/strong> Bildbyr\u00e5n (montage).<\/p>\n<p>Det var i l\u00f6rdagens m\u00f6te med HV71 som oron kr\u00f6p sig p\u00e5 hos R\u00f6gle-fansen. Den t\u00e4nkta toppbacken Mark Friedman fick William Ignberg Nilsson \u00f6ver sig, och efter vad som s\u00e5g ut som en ot\u00e4ck sm\u00e4ll, kn\u00e4 mot huvud, fick kanadensaren ledas ut i omkl\u00e4dningsrummet. <\/p>\n<p>R\u00f6gle kvitterade till 2\u20132 tidigt i den tredje perioden, innan Friedman klev av, men f\u00f6rlorade sedan tr\u00e4ningsmatchen med 2\u20133. Inget nytt kring det 29-\u00e5rige nyf\u00f6rv\u00e4rvet fr\u00e5n AHL kommunicerades sedan efter m\u00f6tets slut. <\/p>\n<p>Nu, i samband med att \u00c4ngelholmslaget klev p\u00e5 is under m\u00e5ndagen ger sportchef Hampus Sj\u00f6str\u00f6m svar via sms till hockeysverige.se. <\/p>\n<p>\u2013\u00a0Alles gut! Ingen ko p\u00e5 isen, skriver Sj\u00f6str\u00f6m. <\/p>\n<p>P\u00e5 <a href=\"https:\/\/x.com\/roglebk\/status\/1962471604631248950\" rel=\"nofollow\">sociala medier<\/a> bekr\u00e4ftar \u00e4ven SHL-klubben att Friedman tr\u00e4nade f\u00f6r fullt under m\u00e5ndagen. <\/p>\n<p>\u2013\u00a0Prima ballerina, till\u00e4gger Sj\u00f6str\u00f6m n\u00e4r han blir ombedd att utveckla. <\/p>\n<p>\u00c4ven Sj\u00e4lin \u00e4r tillbaka: \u201dDet k\u00e4nns g\u00f6tt\u201d<\/p>\n<p>Efter m\u00e5ndagens pass utvecklar \u00e4ven R\u00f6gles fysioterapeut Christopher Alvengrip f\u00f6r <a href=\"https:\/\/www.hd.se\/2025-09-01\/rogles-besked-efter-backduons-smallar\/\" rel=\"nofollow noopener\" target=\"_blank\">Helsingborgs-Dagblad<\/a> kring b\u00e5de Friedman och Calle Sj\u00e4lin.<\/p>\n<p>\u2013 Vi fick bra svar fr\u00e5n honom och han k\u00f6r p\u00e5 f\u00f6r fullt, s\u00e4ger han och forts\u00e4tter om Sj\u00e4lin:<br \/>\u2013 Calle \u00e4r b\u00e4ttre och k\u00f6rde \u00e4ven han f\u00f6r fullt. Det k\u00e4nns g\u00f6tt att ha honom i lineupen igen.<\/p>\n<p>Sj\u00e4lin fick sj\u00e4lv ledas av isen i onsdags och saknades mot HV71. N\u00e4r det g\u00e4ller Lubos Horky, som \u00e4r den enda spelaren kvar p\u00e5 skadelistan, s\u00e4ger Alvengrip f\u00f6ljande till HD.<\/p>\n<p>\u2013 Jag vill inte s\u00e4ga exakt vilken match han kan vara tillbaka i, utan vi arbetar h\u00e5rt tillsammans f\u00f6r att hans fr\u00e5nvaro ska bli s\u00e5 kort som m\u00f6jligt, s\u00e4ger Christopher Alvengrip.<\/p>\n<p>Toronto-fostrade Mark Friedman valdes av Philadelphia Flyers i tredje rundan av NHL-draften 2014. Via USHL och NCAA blev det sedan spel i AHL och NHL. Inf\u00f6r denna f\u00f6rsta flytt till en klubb i Europa har Friedman erfarenhet av 93 NHL-matcher, samt 259 i AHL. <\/p>\n<p><strong>R\u00f6gle \u2013 HV71 2\u20133 (1-1,0-1,1-1)<\/strong><br \/><strong>R\u00f6gle:\u00a0<\/strong>Lucas Ekest\u00e5hl-Jonsson, Linus Sandin.<br \/><strong>HV71:<\/strong>\u00a0Hugo Fransson, Isac Br\u00e4nnstr\u00f6m, Jonathan Ang.<\/p>\n<p> Source: <a href=\"https:\/\/www.eliteprospects.com\/player\/107113\/mark-friedman\" target=\"_blank\" rel=\"noopener noreferrer nofollow\">Mark Friedman<\/a> @ Elite Prospects<\/p>\n","protected":false},"excerpt":{"rendered":"R\u00f6gle BK ger lugnande besked kring Mark Friedman.Stj\u00e4rnv\u00e4rvningen, som klev av efter en sm\u00e4ll i helgen, tr\u00e4nade f\u00f6r&hellip;\n","protected":false},"author":2,"featured_media":19599,"comment_status":"","ping_status":"","sticky":false,"template":"","format":"standard","meta":{"footnotes":""},"categories":[68],"tags":[34,133,111,110,31,33,32,30],"class_list":{"0":"post-19598","1":"post","2":"type-post","3":"status-publish","4":"format-standard","5":"has-post-thumbnail","7":"category-sport","8":"tag-se","9":"tag-second-news","10":"tag-sport","11":"tag-sports","12":"tag-svenska","13":"tag-sverige","14":"tag-sweden","15":"tag-swedish"},"share_on_mastodon":{"url":"","error":""},"_links":{"self":[{"href":"https:\/\/www.europesays.com\/se\/wp-json\/wp\/v2\/posts\/19598","targetHints":{"allow":["GET"]}}],"collection":[{"href":"https:\/\/www.europesays.com\/se\/wp-json\/wp\/v2\/posts"}],"about":[{"href":"https:\/\/www.europesays.com\/se\/wp-json\/wp\/v2\/types\/post"}],"author":[{"embeddable":true,"href":"https:\/\/www.europesays.com\/se\/wp-json\/wp\/v2\/users\/2"}],"replies":[{"embeddable":true,"href":"https:\/\/www.europesays.com\/se\/wp-json\/wp\/v2\/comments?post=19598"}],"version-history":[{"count":0,"href":"https:\/\/www.europesays.com\/se\/wp-json\/wp\/v2\/posts\/19598\/revisions"}],"wp:featuredmedia":[{"embeddable":true,"href":"https:\/\/www.europesays.com\/se\/wp-json\/wp\/v2\/media\/19599"}],"wp:attachment":[{"href":"https:\/\/www.europesays.com\/se\/wp-json\/wp\/v2\/media?parent=19598"}],"wp:term":[{"taxonomy":"category","embeddable":true,"href":"https:\/\/www.europesays.com\/se\/wp-json\/wp\/v2\/categories?post=19598"},{"taxonomy":"post_tag","embeddable":true,"href":"https:\/\/www.europesays.com\/se\/wp-json\/wp\/v2\/tags?post=19598"}],"curies":[{"name":"wp","href":"https:\/\/api.w.org\/{rel}","templated":true}]}}