{"id":19719,"date":"2025-09-02T05:04:10","date_gmt":"2025-09-02T05:04:10","guid":{"rendered":"https:\/\/www.europesays.com\/se\/19719\/"},"modified":"2025-09-02T05:04:10","modified_gmt":"2025-09-02T05:04:10","slug":"den-barmhartige-mordaren-poetiskt-brutal-klasskildring-kulturnytt","status":"publish","type":"post","link":"https:\/\/www.europesays.com\/se\/19719\/","title":{"rendered":"\u201dDen barmh\u00e4rtige m\u00f6rdaren\u201d \u2013 poetiskt brutal klasskildring &#8211; Kulturnytt"},"content":{"rendered":"<p><strong>Titel:<\/strong> Den barmh\u00e4rtige m\u00f6rdaren<br \/><strong>F\u00f6rfattare:<\/strong> Patrik Svensson<\/p>\n<p><strong>Patrik Svensson verkar trivas<\/strong> d\u00e4r det \u00e4r som m\u00f6rkast. I havsdjupen med glas\u00e5larna och i stataren Elof Nilssons br\u00e5ddjupa inre i dokument\u00e4rromanen \u201dDen barmh\u00e4rtige m\u00f6rdaren\u201d. F\u00f6rfattaren n\u00e4rmar sig historien om en far som m\u00f6rdar sina tre yngsta barn och fru, med en forskares kunskapss\u00f6kande blick. V\u00e5ldet och brutaliteten i morden framg\u00e5r \u00e4nd\u00e5. <\/p>\n<p>H\u00e4ndelserna n\u00e4r fyra personer skjuts i sitt eget hem, g\u00e5r helt enkelt inte att f\u00f6rminska. Bilderna som stiger fram ur de citerade polisprotokollen \u00e4r pl\u00e5gsamt detaljerade. Men jag uppfattar det \u00e4nd\u00e5 som att Patrik Svenssons projekt \u00e4r att placera skeendet i sk\u00e4rningspunkten mellan det personliga och politiken. En n\u00e4stan \u00f6vertydligt belyst bild av vad statarsystemet kunde g\u00f6ra med en enskild m\u00e4nniskas psyke. <\/p>\n<p>Det h\u00e4r l\u00e5ter kanske som ett vanskligt projekt, men jag tycker att Patrik Svensson h\u00e5ller balansen. Texten best\u00e5r av f\u00e5 fantasier, det h\u00e4r \u00e4r ett gediget forskningsarbete. Han pratar med sl\u00e4ktingar, n\u00e4rl\u00e4ser r\u00e4tteg\u00e5ngsprotokoll, studerar kyrkob\u00f6cker och sjukjournaler. Bit f\u00f6r bit framkallar f\u00f6rfattaren ett osynligt m\u00e4nniskoliv av h\u00e5rt arbete, eviga flyttar, fattigdom, kyla, djursk\u00f6tsel, sjuka barn och sill. <\/p>\n<p>Paradoxalt nog inneb\u00e4r de h\u00e4r fyra morden, att stataren Elof Nilssons \u00f6de tar plats i litteraturen. \u00c4ven om han i verkligheten hette n\u00e5got annat. Patrik Svensson har skrivit ett poetiskt och helt unikt kapitel i den svenska arbetarlitteraturen.<\/p>\n<p class=\"byline\">Nina Asarnoj<br \/><a class=\"internal-link\" target=\"_self\" href=\"https:\/\/www.sverigesradio.se\/artikel\/mailto:nina.asarnoj@sverigesradio.se\" rel=\"nofollow noopener\">nina.asarnoj@sverigesradio.se<\/a><\/p>\n","protected":false},"excerpt":{"rendered":"Titel: Den barmh\u00e4rtige m\u00f6rdarenF\u00f6rfattare: Patrik Svensson Patrik Svensson verkar trivas d\u00e4r det \u00e4r som m\u00f6rkast. I havsdjupen med&hellip;\n","protected":false},"author":2,"featured_media":19720,"comment_status":"","ping_status":"","sticky":false,"template":"","format":"standard","meta":{"footnotes":""},"categories":[67],"tags":[900,904,104,903,902,194,898,899,787,171,901,34,31,33,32,30,905,105],"class_list":{"0":"post-19719","1":"post","2":"type-post","3":"status-publish","4":"format-standard","5":"has-post-thumbnail","7":"category-underhallning","8":"tag-bcker","9":"tag-dans","10":"tag-entertainment","11":"tag-film","12":"tag-konst","13":"tag-kultur","14":"tag-kulturnyheter","15":"tag-kulturnytt","16":"tag-lyssna","17":"tag-radio","18":"tag-recensioner","19":"tag-se","20":"tag-svenska","21":"tag-sverige","22":"tag-sweden","23":"tag-swedish","24":"tag-teater","25":"tag-underhallning"},"share_on_mastodon":{"url":"","error":""},"_links":{"self":[{"href":"https:\/\/www.europesays.com\/se\/wp-json\/wp\/v2\/posts\/19719","targetHints":{"allow":["GET"]}}],"collection":[{"href":"https:\/\/www.europesays.com\/se\/wp-json\/wp\/v2\/posts"}],"about":[{"href":"https:\/\/www.europesays.com\/se\/wp-json\/wp\/v2\/types\/post"}],"author":[{"embeddable":true,"href":"https:\/\/www.europesays.com\/se\/wp-json\/wp\/v2\/users\/2"}],"replies":[{"embeddable":true,"href":"https:\/\/www.europesays.com\/se\/wp-json\/wp\/v2\/comments?post=19719"}],"version-history":[{"count":0,"href":"https:\/\/www.europesays.com\/se\/wp-json\/wp\/v2\/posts\/19719\/revisions"}],"wp:featuredmedia":[{"embeddable":true,"href":"https:\/\/www.europesays.com\/se\/wp-json\/wp\/v2\/media\/19720"}],"wp:attachment":[{"href":"https:\/\/www.europesays.com\/se\/wp-json\/wp\/v2\/media?parent=19719"}],"wp:term":[{"taxonomy":"category","embeddable":true,"href":"https:\/\/www.europesays.com\/se\/wp-json\/wp\/v2\/categories?post=19719"},{"taxonomy":"post_tag","embeddable":true,"href":"https:\/\/www.europesays.com\/se\/wp-json\/wp\/v2\/tags?post=19719"}],"curies":[{"name":"wp","href":"https:\/\/api.w.org\/{rel}","templated":true}]}}